{"id":67569,"date":"2025-09-11T20:31:08","date_gmt":"2025-09-11T20:31:08","guid":{"rendered":"https:\/\/www.europesays.com\/pt\/67569\/"},"modified":"2025-09-11T20:31:08","modified_gmt":"2025-09-11T20:31:08","slug":"sei-que-tenho-muito-a-aprender","status":"publish","type":"post","link":"https:\/\/www.europesays.com\/pt\/67569\/","title":{"rendered":"&#8216;Sei que tenho muito a aprender&#8217;"},"content":{"rendered":"<p>\n                        Gil do Vigor resolveu se manifestar depois de ler uma mensagem sobre o seu desempenho no Mais Voc\u00ea\n                    <\/p>\n<p class=\"text\">Nesta quarta-feira (10), <strong>Gil do Vigor<\/strong> foi surpreendido no X, antigo Twitter, com uma mensagem de uma f\u00e3 que estava acompanhando o <strong>Mais Voc\u00ea<\/strong>, que enquanto <strong>Ana Maria Braga<\/strong> e <strong>Louro Man\u00e9<\/strong> est\u00e3o de f\u00e9rias, \u00e9 comandado por <strong>Tati Machado<\/strong> e o ex-BBB.<\/p>\n<p><img loading=\"lazy\" decoding=\"async\" alt=\"Gil do Vigor no Mais Voc\u00ea (Reprodu\u00e7\u00e3o\/TV Globo)\" class=\"img-98823cd06c5394f5ad198ec61e91a382h5npbkz6\" height=\"436\" src=\"https:\/\/www.europesays.com\/pt\/wp-content\/uploads\/2025\/09\/1580750917-gil-do-vigor-no-mais-voce.jpg\"  title=\"Gil do Vigor no Mais Voc\u00ea (Reprodu\u00e7\u00e3o\/TV Globo)\" width=\"774\"\/><\/p>\n<p>Gil do Vigor no Mais Voc\u00ea (Reprodu\u00e7\u00e3o\/TV Globo)<\/p>\n<p>Foto: Contigo<\/p>\n<p class=\"text\">&#8220;O Mais voc\u00ea com o Gil do Vigor e a Tati Machado est\u00e1 sensacional, todo dia a gente fica bem informado sobre diversos assuntos, recebe presta\u00e7\u00f5es de servi\u00e7os e ainda se diverte com eles!&#8221;, escreveu a internauta, que logo foi respondida pelo famoso.<\/p>\n<p class=\"text\">&#8220;Tem sido uma experi\u00eancia \u00fanica e especial, e tenho tido a honra de estar ao lado de uma amiga que tanto me inspira e ensina. Sei que ainda tenho muito a aprender, mas j\u00e1 sou grato por estar nesse processo, vivendo cada momento e evoluindo a cada passo&#8221;, destacou o comunicador.<\/p>\n<p class=\"text\">&#8220;Algumas cr\u00edticas vai ter, porque nem Jesus agradou 100%, mas tu t\u00e1 se saindo muito bem, tu tem um carisma \u00fanico, sabe se expressar e parece que tem uns 10 anos de telinha e evolui a cada dia&#8221;, elogiou outro internauta.<\/p>\n<p class=\"text\">&#8220;A gente n\u00e3o t\u00e1 acostumado a ver alegria genu\u00edna na TV. Desde o BBB ficou claro que a sua energia \u00e9 demais, Gilzera! E a Tati tamb\u00e9m \u00e9 uma queridona&#8221;, indicou um terceiro. &#8220;Gil, voc\u00ea \u00e9 muito gigante. Muito mesmo. Voc\u00ea vai conquistar muita coisa incr\u00edvel nessa vida. E a gente poder assistir isso \u00e9 bom demais&#8221;, enalteceu outra.<\/p>\n<p class=\"text\">O retorno de Ana Maria e Louro est\u00e1 previsto para o dia 29 de setembro. &#8220;Eu n\u00e3o lembro a \u00faltima vez que eu tirei f\u00e9rias, a n\u00e3o ser para trabalhar. Tirar f\u00e9rias para trabalhar n\u00e3o vale, continua trabalhando&#8221;, chegou a desabafar a <a href=\"https:\/\/www.instagram.com\/anamariabragaoficial\/?hl=pt-br\" target=\"_blank\" rel=\"nofollow noopener\">estrela<\/a> na matinal.<\/p>\n<blockquote class=\"twitter-tweet\" id=\"1965894171304276231?ref_src=twsrc%5Etfw\">\n<p class=\"text\" dir=\"ltr\" lang=\"pt\">Tem sido uma EXPERI\u00caNCIA \u00daNICA e ESPECIAL, e tenho tido a HONRA de estar ao lado de uma AMIGA que tanto me INSPIRA e ENSINA. Sei que ainda tenho MUITO a APRENDER, mas j\u00e1 sou GRATO por estar nesse PROCESSO, vivendo cada MOMENTO e EVOLUINDO a cada PASSO. <a href=\"https:\/\/t.co\/hqD3i8gnnE\" target=\"_blank\" rel=\"nofollow\">https:\/\/t.co\/hqD3i8gnnE<\/a><\/p>\n<p class=\"text\">\u2014 GIL DO VIGOR (@GilDoVigor) <a href=\"https:\/\/twitter.com\/GilDoVigor\/status\/1965894171304276231?ref_src=twsrc%5Etfw\" target=\"_blank\" rel=\"nofollow noopener\">September 10, 2025<\/a><\/p>\n<\/blockquote>\n<p>                            <script async src=\"https:\/\/platform.twitter.com\/widgets.js\" charset=\"utf-8\"><\/script><script async src=\"\/\/www.instagram.com\/embed.js\"><\/script><\/p>\n","protected":false},"excerpt":{"rendered":"Gil do Vigor resolveu se manifestar depois de ler uma mensagem sobre o seu desempenho no Mais Voc\u00ea&hellip;\n","protected":false},"author":2,"featured_media":67570,"comment_status":"","ping_status":"","sticky":false,"template":"","format":"standard","meta":{"footnotes":""},"categories":[145],"tags":[211,210,114,115,32,33],"class_list":{"0":"post-67569","1":"post","2":"type-post","3":"status-publish","4":"format-standard","5":"has-post-thumbnail","7":"category-celebridades","8":"tag-celebridades","9":"tag-celebrities","10":"tag-entertainment","11":"tag-entretenimento","12":"tag-portugal","13":"tag-pt"},"share_on_mastodon":{"url":"","error":""},"_links":{"self":[{"href":"https:\/\/www.europesays.com\/pt\/wp-json\/wp\/v2\/posts\/67569","targetHints":{"allow":["GET"]}}],"collection":[{"href":"https:\/\/www.europesays.com\/pt\/wp-json\/wp\/v2\/posts"}],"about":[{"href":"https:\/\/www.europesays.com\/pt\/wp-json\/wp\/v2\/types\/post"}],"author":[{"embeddable":true,"href":"https:\/\/www.europesays.com\/pt\/wp-json\/wp\/v2\/users\/2"}],"replies":[{"embeddable":true,"href":"https:\/\/www.europesays.com\/pt\/wp-json\/wp\/v2\/comments?post=67569"}],"version-history":[{"count":0,"href":"https:\/\/www.europesays.com\/pt\/wp-json\/wp\/v2\/posts\/67569\/revisions"}],"wp:featuredmedia":[{"embeddable":true,"href":"https:\/\/www.europesays.com\/pt\/wp-json\/wp\/v2\/media\/67570"}],"wp:attachment":[{"href":"https:\/\/www.europesays.com\/pt\/wp-json\/wp\/v2\/media?parent=67569"}],"wp:term":[{"taxonomy":"category","embeddable":true,"href":"https:\/\/www.europesays.com\/pt\/wp-json\/wp\/v2\/categories?post=67569"},{"taxonomy":"post_tag","embeddable":true,"href":"https:\/\/www.europesays.com\/pt\/wp-json\/wp\/v2\/tags?post=67569"}],"curies":[{"name":"wp","href":"https:\/\/api.w.org\/{rel}","templated":true}]}}