{"id":67585,"date":"2025-09-11T20:42:08","date_gmt":"2025-09-11T20:42:08","guid":{"rendered":"https:\/\/www.europesays.com\/pt\/67585\/"},"modified":"2025-09-11T20:42:08","modified_gmt":"2025-09-11T20:42:08","slug":"maioria-dos-juizes-vota-a-favor-da-condenacao-de-bolsonaro-por-tentativa-de-golpe-de-estado","status":"publish","type":"post","link":"https:\/\/www.europesays.com\/pt\/67585\/","title":{"rendered":"Maioria dos ju\u00edzes vota a favor da condena\u00e7\u00e3o de Bolsonaro por tentativa de golpe de Estado"},"content":{"rendered":"<p>&#13;<br \/>\n(em atualiza\u00e7\u00e3o)&#13;\n<\/p>\n<p>&#13;<br \/>\nA ju\u00edza C\u00e1rmen L\u00facia considerou haver &#8220;prova cabal&#8221; contra o ex-presidente brasileiro Jair Bolsonaro e sete membros da sua c\u00fapula que est\u00e3o em julgamento por tentativa de golpe de Estado.&#13;\n<\/p>\n<p>&#13;<br \/>\n<b>\u201cAcho que fez prova cabal de que um grupo, liderado por Jair Messias Bolsonaro, composto por figuras chave do governo, das For\u00e7as Armadas e de \u00f3rg\u00e3os de informa\u00e7\u00e3o desenvolveu e implementou um plano progressivo e sistem\u00e1tico de ataque \u00e0s institui\u00e7\u00f5es democr\u00e1ticas, com a finalidade de prejudicar a altern\u00e2ncia leg\u00edtima de poder nas elei\u00e7\u00f5es de 2022, minar o livre exerc\u00edcio dos demais poderes constitucionais, especialmente do poder judicial\u201d, declarou.<\/b>&#13;\n<\/p>\n<p>          <img decoding=\"async\" itemprop=\"image\" class=\"img-fluid\"   src=\"https:\/\/www.europesays.com\/pt\/wp-content\/uploads\/2025\/09\/13db547e2a2540d13979e8ef1b809492\"\/><\/p>\n<p>&#13;<br \/>\n&#8220;Para mim, h\u00e1 prova da presen\u00e7a de conluio entre essas pessoas, no sentido de uma organiza\u00e7\u00e3o que se integra, com a lideran\u00e7a do Jair Messias Bolsonaro&#8221;, frisou a Ju\u00edza.<b>\u00a0<\/b>Com esta delibera\u00e7\u00e3o, C\u00e1rmen L\u00facia deu o terceiro voto a favor para a condena\u00e7\u00e3o de Bolsonaro, formando-se a maioria necess\u00e1ria para punir o ex-presidente por liderar uma organiza\u00e7\u00e3o criminosa para permanecer no poder.&#13;<br \/>\n&#13;\n<\/p>\n<p>&#13;<br \/>\n<b>Embora a maioria j\u00e1 esteja formada, a condena\u00e7\u00e3o apenas \u00e9 confirmada depois do \u00faltimo voto. O \u00faltimo a votar \u00e9 Cristiano Zanin, o presidente do coletivo, que discursa neste momento no Tribunal.<\/b>&#13;\n<\/p>\n<p>O primeiro a tomar a palavra neste julgamento foi Alexandre de Moraes, o relator do processo, que afirmou, na ter\u00e7a-feira, que o Brasil &#8220;quase voltou a ser uma ditadura&#8221; durante o alegado golpe falhado. O ex-ministro da Justi\u00e7a de Lula da Silva, Fl\u00e1vio Dino, tamb\u00e9m votou pela condena\u00e7\u00e3o, acreditando que os crimes em julgamento &#8220;n\u00e3o s\u00e3o pass\u00edveis de amnistia&#8221;.<\/p>\n<p>Na quarta-feira, o ministro Luiz Fux abriu diverg\u00eancia e pediu a anula\u00e7\u00e3o do processo contra o ex-presidente brasileiro, argumentando com a &#8220;absoluta incompet\u00eancia&#8221; dos ju\u00edzes do Supremo.<\/p>\n<p><b>Para al\u00e9m de Jair Bolsonaro, o julgamento envolve outros sete r\u00e9us, incluindo ex-ministros e oficiais militares. Bolsonaro e os restantes s\u00e3o acusados de tentativa de golpe de Estado no final de 2022, para impedir a posse do presidente Luiz In\u00e1cio Lula da Silva.<\/b> Todos os r\u00e9us negam as acusa\u00e7\u00f5es.<\/p>\n<p>Ineleg\u00edvel para as elei\u00e7\u00f5es at\u00e9 2030 e em pris\u00e3o domicili\u00e1ria desde o in\u00edcio de agosto, Bolsonaro esteve ausente das audi\u00eancias por motivos de sa\u00fade, segundo os seus advogados. <\/p>\n<p>Ainda n\u00e3o foram definidas as penas, mas Moraes sugeriu somar as puni\u00e7\u00f5es e Dino defendeu penas diferentes, conforme o grau de envolvimento de cada r\u00e9u. Os ministros ainda v\u00e3o discutir, na sexta-feira, a dimens\u00e3o da puni\u00e7\u00e3o aplicada a cada um dos r\u00e9us. Jair Bolsonaro, de 70 anos, pode ser condenado a uma pena de at\u00e9 43 anos de pris\u00e3o.<\/p>\n<p>Uma vez definida a condena\u00e7\u00e3o, a pr\u00f3xima etapa \u00e9 a defini\u00e7\u00e3o do tempo de pena, que envolve tr\u00eas fases. Primeiro \u00e9 afixada a pena-base, conforme os limites da lei. Na segunda fase, os magistrados avaliam as circunst\u00e2ncias que atenuam ou agravam a pena e na terceira fase, s\u00e3o verificadas eventuais causas de diminui\u00e7\u00e3o ou aumento de pena.&#13;\n<\/p>\n<p>&#13;<br \/>\nAp\u00f3s a publica\u00e7\u00e3o do ac\u00f3rd\u00e3o, a defesa e a acusa\u00e7\u00e3o podem interpor embargos de declara\u00e7\u00e3o, no prazo de cinco dias, para corrigir eventuais contradi\u00e7\u00f5es ou omiss\u00f5es. O ex-presidente s\u00f3 deve ser preso ap\u00f3s o fim do processo, quando a defesa de Bolsonaro n\u00e3o tiver mais recursos a apresentar ao Supremo.&#13;\n<\/p>\n<p>&#13;<br \/>\n<b>Este \u00e9 um julgamento hist\u00f3rico, sendo a primeira vez que um antigo chefe de Estado brasileiro \u00e9 condenado judicialmente por envolvimento numa conspira\u00e7\u00e3o para derrubar a democracia.<\/b>&#13;\n<\/p>\n<p>&#13;<br \/>\nOs filhos do ex-presidente brasileiro j\u00e1 reagiram \u00e0 condena\u00e7\u00e3o do pai. Eduardo Bolsonaro pediu aos EUA san\u00e7\u00f5es adicionais contra as autoridades brasileiras ap\u00f3s a condena\u00e7\u00e3o do seu pai e Fl\u00e1vio Bolsonaro escreveu nas redes sociais que \u201cos pilares da democracia foram quebrados para condenar um inocente que ousou n\u00e3o se curvar a um ditador chamado Alexandre de Moraes\u201d.<br \/>&#13;<\/p>\n","protected":false},"excerpt":{"rendered":"&#13; (em atualiza\u00e7\u00e3o)&#13; &#13; A ju\u00edza C\u00e1rmen L\u00facia considerou haver &#8220;prova cabal&#8221; contra o ex-presidente brasileiro Jair Bolsonaro&hellip;\n","protected":false},"author":2,"featured_media":67586,"comment_status":"","ping_status":"","sticky":false,"template":"","format":"standard","meta":{"footnotes":""},"categories":[50],"tags":[1543,726,27,28,15,16,11939,14,5607,25,26,21,22,62,12,13,19,20,23,24,17,18,29,30,31,63,64,65],"class_list":{"0":"post-67585","1":"post","2":"type-post","3":"status-publish","4":"format-standard","5":"has-post-thumbnail","7":"category-mundo","8":"tag-bolsonaro","9":"tag-brasil","10":"tag-breaking-news","11":"tag-breakingnews","12":"tag-featured-news","13":"tag-featurednews","14":"tag-golpe-de-estado","15":"tag-headlines","16":"tag-julgamento","17":"tag-latest-news","18":"tag-latestnews","19":"tag-main-news","20":"tag-mainnews","21":"tag-mundo","22":"tag-news","23":"tag-noticias","24":"tag-noticias-principais","25":"tag-noticiasprincipais","26":"tag-principais-noticias","27":"tag-principaisnoticias","28":"tag-top-stories","29":"tag-topstories","30":"tag-ultimas","31":"tag-ultimas-noticias","32":"tag-ultimasnoticias","33":"tag-world","34":"tag-world-news","35":"tag-worldnews"},"share_on_mastodon":{"url":"","error":""},"_links":{"self":[{"href":"https:\/\/www.europesays.com\/pt\/wp-json\/wp\/v2\/posts\/67585","targetHints":{"allow":["GET"]}}],"collection":[{"href":"https:\/\/www.europesays.com\/pt\/wp-json\/wp\/v2\/posts"}],"about":[{"href":"https:\/\/www.europesays.com\/pt\/wp-json\/wp\/v2\/types\/post"}],"author":[{"embeddable":true,"href":"https:\/\/www.europesays.com\/pt\/wp-json\/wp\/v2\/users\/2"}],"replies":[{"embeddable":true,"href":"https:\/\/www.europesays.com\/pt\/wp-json\/wp\/v2\/comments?post=67585"}],"version-history":[{"count":0,"href":"https:\/\/www.europesays.com\/pt\/wp-json\/wp\/v2\/posts\/67585\/revisions"}],"wp:featuredmedia":[{"embeddable":true,"href":"https:\/\/www.europesays.com\/pt\/wp-json\/wp\/v2\/media\/67586"}],"wp:attachment":[{"href":"https:\/\/www.europesays.com\/pt\/wp-json\/wp\/v2\/media?parent=67585"}],"wp:term":[{"taxonomy":"category","embeddable":true,"href":"https:\/\/www.europesays.com\/pt\/wp-json\/wp\/v2\/categories?post=67585"},{"taxonomy":"post_tag","embeddable":true,"href":"https:\/\/www.europesays.com\/pt\/wp-json\/wp\/v2\/tags?post=67585"}],"curies":[{"name":"wp","href":"https:\/\/api.w.org\/{rel}","templated":true}]}}