{"id":67587,"date":"2025-09-11T20:43:10","date_gmt":"2025-09-11T20:43:10","guid":{"rendered":"https:\/\/www.europesays.com\/pt\/67587\/"},"modified":"2025-09-11T20:43:10","modified_gmt":"2025-09-11T20:43:10","slug":"cgtp-quer-fixar-salario-minimo-em-1050-ja-em-2026","status":"publish","type":"post","link":"https:\/\/www.europesays.com\/pt\/67587\/","title":{"rendered":"CGTP quer fixar sal\u00e1rio m\u00ednimo em 1050 j\u00e1 em 2026"},"content":{"rendered":"<p>&#13;<br \/>\nDe acordo com o documento aprovado hoje, a central sindical considera que os <b>baixos sal\u00e1rios continuam a ser &#8220;um entrave ao desenvolvimento do pa\u00eds&#8221;<\/b> e denuncia que metade dos trabalhadores ganha 880 euros ou menos. &#13;\n<\/p>\n<p>&#13;<br \/>\nDesta forma, a CGTP-IN argumenta que, entre as prioridades reivindicativas para 2026, est\u00e1 a necessidade do <b>aumento geral dos sal\u00e1rios de, pelo menos, 15 por cento e nunca inferior a 150 euros.\u00a0<\/b>&#13;\n<\/p>\n<p>&#13;<br \/>\n<b>Exige mesmo a fixa\u00e7\u00e3o do sal\u00e1rio m\u00ednimo nacional em 1.050 euros j\u00e1 em janeiro.<\/b>&#13;\n<\/p>\n<p>&#13;<br \/>\n<b><br \/>\n          <img decoding=\"async\" itemprop=\"image\" class=\"img-fluid\"   src=\"https:\/\/www.europesays.com\/pt\/wp-content\/uploads\/2025\/09\/822fe24804fd84b434132f4fc0188c2a_N.jpg\"\/><\/p>\n<p>&#13;<br \/>\n<\/b>&#13;\n<\/p>\n<p>&#13;<br \/>\nA central sindical sublinha que 57 por cento dos assalariados recebem menos de mil euros brutos e que 18,3% vivem apenas com o sal\u00e1rio m\u00ednimo.\u00a0&#13;\n<\/p>\n<p>&#13;<br \/>\nDeixa ainda claras criticas ao pacote laboral do Governo PSD\/CDS, que acusa de &#8220;fragilizar ainda mais os direitos&#8221;, facilitando despedimentos e alargando a precariedade. &#13;\n<\/p>\n<p>&#13;<br \/>\nEntre as contrapartidas, a CGTP aponta a <b>reposi\u00e7\u00e3o do princ\u00edpio do tratamento mais favor\u00e1vel ao trabalhador,<\/b> a revoga\u00e7\u00e3o da caducidade da contrata\u00e7\u00e3o coletiva, a redu\u00e7\u00e3o do hor\u00e1rio semanal para 35 horas sem perda de sal\u00e1rio e a reposi\u00e7\u00e3o dos 25 dias \u00fateis de f\u00e9rias.&#13;\n<\/p>\n<p>&#13;<br \/>\nPara a central sindical, <b>o aumento dos sal\u00e1rios \u00e9 &#8220;urgente, poss\u00edvel e necess\u00e1rio&#8221;, estimando que a medida custaria menos de 10 mil milh\u00f5es de euros, valor que compara &#8220;com os 33,4 mil milh\u00f5es de euros apropriados por 1.615 grandes empresas na economia nacional&#8221;<\/b>, apontam.&#13;\n<\/p>\n<p>&#13;<br \/>\nO documento defende tamb\u00e9m o refor\u00e7o dos servi\u00e7os p\u00fablicos de sa\u00fade, educa\u00e7\u00e3o, seguran\u00e7a social e habita\u00e7\u00e3o, bem como medidas de combate \u00e0 precariedade e de valoriza\u00e7\u00e3o das carreiras e profiss\u00f5es.&#13;\n<\/p>\n<p>&#13;<br \/>\nFoi marcada para 20 de setembro uma Jornada Nacional de Luta contra o pacote laboral, agendando manifesta\u00e7\u00f5es no Porto (10:30) e em Lisboa (15:00). Estas concentra\u00e7\u00f5es visam exigir ao Governo a retirada das propostas de altera\u00e7\u00e3o \u00e0 legisla\u00e7\u00e3o laboral. A CGTP considera que est\u00e1 a ser realizado um &#8220;ataque generalizado&#8221; aos direitos dos trabalhadores. &#13;\n<\/p>\n<p>&#13;<br \/>\nc\/Lusa&#13;<\/p>\n","protected":false},"excerpt":{"rendered":"&#13; De acordo com o documento aprovado hoje, a central sindical considera que os baixos sal\u00e1rios continuam a&hellip;\n","protected":false},"author":2,"featured_media":67588,"comment_status":"","ping_status":"","sticky":false,"template":"","format":"standard","meta":{"footnotes":""},"categories":[10],"tags":[18439,27,28,12183,15,16,14,25,26,21,22,12,13,19,20,32,23,24,33,18438,17,18,29,30,31],"class_list":{"0":"post-67587","1":"post","2":"type-post","3":"status-publish","4":"format-standard","5":"has-post-thumbnail","7":"category-portugal","8":"tag-1050-euros","9":"tag-breaking-news","10":"tag-breakingnews","11":"tag-cgtp","12":"tag-featured-news","13":"tag-featurednews","14":"tag-headlines","15":"tag-latest-news","16":"tag-latestnews","17":"tag-main-news","18":"tag-mainnews","19":"tag-news","20":"tag-noticias","21":"tag-noticias-principais","22":"tag-noticiasprincipais","23":"tag-portugal","24":"tag-principais-noticias","25":"tag-principaisnoticias","26":"tag-pt","27":"tag-salario-minimo","28":"tag-top-stories","29":"tag-topstories","30":"tag-ultimas","31":"tag-ultimas-noticias","32":"tag-ultimasnoticias"},"share_on_mastodon":{"url":"","error":""},"_links":{"self":[{"href":"https:\/\/www.europesays.com\/pt\/wp-json\/wp\/v2\/posts\/67587","targetHints":{"allow":["GET"]}}],"collection":[{"href":"https:\/\/www.europesays.com\/pt\/wp-json\/wp\/v2\/posts"}],"about":[{"href":"https:\/\/www.europesays.com\/pt\/wp-json\/wp\/v2\/types\/post"}],"author":[{"embeddable":true,"href":"https:\/\/www.europesays.com\/pt\/wp-json\/wp\/v2\/users\/2"}],"replies":[{"embeddable":true,"href":"https:\/\/www.europesays.com\/pt\/wp-json\/wp\/v2\/comments?post=67587"}],"version-history":[{"count":0,"href":"https:\/\/www.europesays.com\/pt\/wp-json\/wp\/v2\/posts\/67587\/revisions"}],"wp:featuredmedia":[{"embeddable":true,"href":"https:\/\/www.europesays.com\/pt\/wp-json\/wp\/v2\/media\/67588"}],"wp:attachment":[{"href":"https:\/\/www.europesays.com\/pt\/wp-json\/wp\/v2\/media?parent=67587"}],"wp:term":[{"taxonomy":"category","embeddable":true,"href":"https:\/\/www.europesays.com\/pt\/wp-json\/wp\/v2\/categories?post=67587"},{"taxonomy":"post_tag","embeddable":true,"href":"https:\/\/www.europesays.com\/pt\/wp-json\/wp\/v2\/tags?post=67587"}],"curies":[{"name":"wp","href":"https:\/\/api.w.org\/{rel}","templated":true}]}}