{"id":67594,"date":"2025-09-11T20:47:09","date_gmt":"2025-09-11T20:47:09","guid":{"rendered":"https:\/\/www.europesays.com\/pt\/67594\/"},"modified":"2025-09-11T20:47:09","modified_gmt":"2025-09-11T20:47:09","slug":"livro-de-catarinense-tera-nova-edicao","status":"publish","type":"post","link":"https:\/\/www.europesays.com\/pt\/67594\/","title":{"rendered":"livro de catarinense ter\u00e1 nova edi\u00e7\u00e3o"},"content":{"rendered":"<p>Escrito por um itajaiense, Caf\u00e9 com Deus Pai virou fen\u00f4meno na internet e j\u00e1 vendeu 7 milh\u00f5es de exemplares<\/p>\n<p>  <img class=\"content-first-image wp-image-2652819 size-large\" loading=\"eager\" decoding=\"sync\" fetchpriority=\"high\" src=\"https:\/\/www.europesays.com\/pt\/wp-content\/uploads\/2025\/09\/cafe-com-deus-pai-1300x731.jpg\" alt=\"Foto mostra livro Caf\u00e9 com Deus Pai coberto por um manto\" width=\"1286\" height=\"723\"  \/>Caf\u00e9 com Deus Pai j\u00e1 vendeu 7 milh\u00f5es de exemplares. \u2013 Foto: Divulga\u00e7\u00e3o\/ND<\/p>\n<p>O livro <a href=\"https:\/\/ndmais.com.br\/literatura\/autor-de-cafe-com-deus-pai-doa-4-mil-exemplares-para-instituicoes-catarinenses\/\" rel=\"nofollow noopener\" target=\"_blank\">Caf\u00e9 com Deus Pai<\/a>, do autor catarinense Junior Rostirola, chega ao seu sexto volume neste s\u00e1bado (13). O lan\u00e7amento do devocional mais lido do pa\u00eds ser\u00e1 transmitido ao vivo pelo YouTube oficial que leva o nome da obra, \u00e0s 20h30.<\/p>\n<p>A identidade visual do livro permanece em segredo at\u00e9 a data. Al\u00e9m da transmiss\u00e3o online, um jantar exclusivo para leitores ser\u00e1 realizado em Alphaville (SP).<\/p>\n<p>Desde a primeira edi\u00e7\u00e3o lan\u00e7ada, o livro j\u00e1 vendeu 7 milh\u00f5es de exemplares. Desde 2024, \u00e9 considerado um best-seller. No livro, h\u00e1 vers\u00edculos b\u00edblicos com mensagens di\u00e1rias e reflex\u00f5es relacionadas \u00e0 f\u00e9 j\u00e1 traduzidos em sete idiomas.<\/p>\n<p>A obra originou o maior podcast do Brasil, tamb\u00e9m apresentado por Rostirola, que ultrapassou 169 milh\u00f5es de reprodu\u00e7\u00f5es na plataforma Spotify.<\/p>\n<p>A repercuss\u00e3o de Caf\u00e9 com Deus Pai se consolidou principalmente no ambiente digital: diariamente, trechos do livro s\u00e3o compartilhados por leitores nas redes sociais. Influenciadores digitais e personalidades p\u00fablicas aderiram ao movimento, ampliando ainda mais o alcance da obra.<\/p>\n<p>Junior Rostirola: autor de Caf\u00e9 com Deus Pai \u00e9 catarinense<img class=\"wp-image-2652820 size-full\" loading=\"lazy\" decoding=\"async\" src=\"https:\/\/www.europesays.com\/pt\/wp-content\/uploads\/2025\/09\/cafe-com-deus-pai-autor.jpg\" alt=\"Foto mostra J\u00fanior Rostirola segurando o livro.\" width=\"980\" height=\"789\"  \/>Autor do livro nasceu em Itaja\u00ed. \u2013 Foto: Divulga\u00e7\u00e3o\/ND<\/p>\n<p>Nascido em Itaja\u00ed, no Litoral Norte catarinense, o autor enfrentou uma inf\u00e2ncia de abusos e viol\u00eancia dom\u00e9stica, al\u00e9m de epis\u00f3dios de bullying e rejei\u00e7\u00e3o escolar.<\/p>\n<p>Aos 13 anos, abandonou os estudos e mergulhou em depress\u00e3o. Hoje \u00e9 bacharel em Teologia e p\u00f3s-graduado em Teologia B\u00edblica.<\/p>\n<p>\u201cNunca imaginei que a minha hist\u00f3ria, que \u00e9 t\u00e3o pessoal e \u00edntima, pudesse alcan\u00e7ar tantas pessoas ao redor do mundo. \u00c9 uma prova de que a f\u00e9 n\u00e3o tem fronteiras e que a mensagem de amor e cura pode ser compreendida em qualquer l\u00edngua\u201d, afirma Rostirola.<\/p>\n","protected":false},"excerpt":{"rendered":"Escrito por um itajaiense, Caf\u00e9 com Deus Pai virou fen\u00f4meno na internet e j\u00e1 vendeu 7 milh\u00f5es de&hellip;\n","protected":false},"author":2,"featured_media":67595,"comment_status":"","ping_status":"","sticky":false,"template":"","format":"standard","meta":{"footnotes":""},"categories":[143],"tags":[169,726,114,115,18442,864,170,1968,2250,32,33,10002,1741,3801],"class_list":{"0":"post-67594","1":"post","2":"type-post","3":"status-publish","4":"format-standard","5":"has-post-thumbnail","7":"category-livros","8":"tag-books","9":"tag-brasil","10":"tag-entertainment","11":"tag-entretenimento","12":"tag-itaja","13":"tag-literatura","14":"tag-livros","15":"tag-notcia","16":"tag-notcia-santa-catarina","17":"tag-portugal","18":"tag-pt","19":"tag-religio","20":"tag-so-paulo","21":"tag-santa-catarina"},"share_on_mastodon":{"url":"","error":""},"_links":{"self":[{"href":"https:\/\/www.europesays.com\/pt\/wp-json\/wp\/v2\/posts\/67594","targetHints":{"allow":["GET"]}}],"collection":[{"href":"https:\/\/www.europesays.com\/pt\/wp-json\/wp\/v2\/posts"}],"about":[{"href":"https:\/\/www.europesays.com\/pt\/wp-json\/wp\/v2\/types\/post"}],"author":[{"embeddable":true,"href":"https:\/\/www.europesays.com\/pt\/wp-json\/wp\/v2\/users\/2"}],"replies":[{"embeddable":true,"href":"https:\/\/www.europesays.com\/pt\/wp-json\/wp\/v2\/comments?post=67594"}],"version-history":[{"count":0,"href":"https:\/\/www.europesays.com\/pt\/wp-json\/wp\/v2\/posts\/67594\/revisions"}],"wp:featuredmedia":[{"embeddable":true,"href":"https:\/\/www.europesays.com\/pt\/wp-json\/wp\/v2\/media\/67595"}],"wp:attachment":[{"href":"https:\/\/www.europesays.com\/pt\/wp-json\/wp\/v2\/media?parent=67594"}],"wp:term":[{"taxonomy":"category","embeddable":true,"href":"https:\/\/www.europesays.com\/pt\/wp-json\/wp\/v2\/categories?post=67594"},{"taxonomy":"post_tag","embeddable":true,"href":"https:\/\/www.europesays.com\/pt\/wp-json\/wp\/v2\/tags?post=67594"}],"curies":[{"name":"wp","href":"https:\/\/api.w.org\/{rel}","templated":true}]}}