{"id":67611,"date":"2025-09-11T21:06:48","date_gmt":"2025-09-11T21:06:48","guid":{"rendered":"https:\/\/www.europesays.com\/pt\/67611\/"},"modified":"2025-09-11T21:06:48","modified_gmt":"2025-09-11T21:06:48","slug":"o-que-diz-o-livro-usado-como-referencia-por-carmen-lucia","status":"publish","type":"post","link":"https:\/\/www.europesays.com\/pt\/67611\/","title":{"rendered":"O que diz o livro usado como refer\u00eancia por C\u00e1rmen L\u00facia"},"content":{"rendered":"<p class=\"postParagraph_post-paragraph-innerHtml__Q5vwc\">Antes de anunciar o seu voto a favor da <a href=\"https:\/\/www.gazetadopovo.com.br\/republica\/com-voto-carmen-lucia-stf-forma-maioria-condenar-bolsonaro\/\" target=\"_blank\" rel=\"noreferrer noopener nofollow\">condena\u00e7\u00e3o do ex-presidente Jair Bolsonaro<\/a> por golpe de Estado, a ministra <a href=\"https:\/\/www.gazetadopovo.com.br\/republica\/quem-indicou-carmen-lucia-para-o-stf\/?ref=veja-tambem\" target=\"_blank\" rel=\"noreferrer noopener nofollow\">Carm\u00e9n L\u00facia<\/a> fez uma cita\u00e7\u00e3o da obra de Victor Hugo, autor de \u201cOs Miser\u00e1veis\u201d e Notre-Dame de Paris (tamb\u00e9m conhecido como O Corcunda de Notre-Dame).<\/p>\n<p class=\"postParagraph_post-paragraph__juWZN\">A ministra mencionou um di\u00e1logo do livro \u201cHist\u00f3ria de um Crime\u201d, no qual Victor Hugo, \u201cferrenho oposicionista ao golpe de Estado de Napole\u00e3o III\u201d, segundo ela, relata o golpe de Estado dado por Bonaparte, em 1779.<\/p>\n<p class=\"postParagraph_post-paragraph__juWZN\">No trecho citado pela ministra, um personagem rejeita a proposta de derrubar o governo e \u00e9 questionado por outro se o golpe continuaria sendo mal se fosse por um bem maior, ao que o interlocutor responde: \u201cO mal feito para o bem continua sendo mal\u201d. Principalmente quando ele tem sucesso. Porque ent\u00e3o ele se torna um exemplo e vai se repetir\u201d.<\/p>\n<p class=\"postParagraph_post-paragraph__juWZN\">O voto da ministra \u00e9 o quarto no julgamento que envolve o ex-presidente Jair Bolsonaro (PL) e outros sete acusados por participa\u00e7\u00e3o na tentativa de golpe de Estado em 2022.<\/p>\n<p>Hist\u00f3ria de um Crime<\/p>\n<p class=\"postParagraph_post-paragraph__juWZN\">O livro escrito por Victor Hugo, um dos principais opositores de Napole\u00e3o Bonaparte, \u00e9 um relato pessoal sobre os eventos que culminaram no golpe de Estado capitaneado por Bonaparte. Ele dissolveu a Assembleia, prendeu l\u00edderes pol\u00edticos e assumiu o governo como Primeiro C\u00f4nsul.<\/p>\n<p class=\"postParagraph_post-paragraph__juWZN\">O livro \u00e9 dividido em duas partes. A primeira come\u00e7a quando a not\u00edcia do golpe se espalha. Hugo conta que seus colegas deputados e a popula\u00e7\u00e3o ficaram surpresos e indignados. A obra detalha ainda as tentativas frutadas de organizar uma resist\u00eancia legal e de convocar a popula\u00e7\u00e3o para lutar pela Constitui\u00e7\u00e3o.<\/p>\n<p class=\"postParagraph_post-paragraph__juWZN\">A segunda parte do livro tem mais a\u00e7\u00e3o: Hugo descreve a sua participa\u00e7\u00e3o ativa e a resist\u00eancia viu nas ruas. Segundo ele, a brutalidade do ex\u00e9rcito reprimiu as manifesta\u00e7\u00f5es com viol\u00eancia e pris\u00f5es em massa.<\/p>\n<p class=\"postParagraph_post-paragraph__juWZN\">O autor, que se torna um dos principais alvos da persegui\u00e7\u00e3o, vive dias de clandestinidade. O livro foi escrito durante seu per\u00edodo de ex\u00edlio fora da Fran\u00e7a.<\/p>\n<p class=\"gp-styles-module-size-small-afeYRa gp-styles-module-font-family2-afeYRa gp-styles-module-color-secondary-afeYRa gp-styles-module-weight-bold-afeYRa\">VEJA TAMB\u00c9M:<\/p>\n<ul class=\"postViewMore_post-view-more-list__CU_CE\">\n<li class=\"postViewMore_post-view-more-item__2MzRb\"><a class=\"postViewMore_post-view-more-link-noImage__D7wM3\" href=\"https:\/\/www.gazetadopovo.com.br\/ideias\/fux-diz-que-mensalao-foi-golpe-gradual-relembre-escandalo-stf-anulou-condenacoes\/?ref=veja-tambem\" title=\"Veja tamb\u00e9m: Fux diz que mensal\u00e3o foi \u201cgolpe gradual\u201d; relembre o esc\u00e2ndalo\" rel=\"nofollow noopener\" target=\"_blank\">Fux diz que mensal\u00e3o foi \u201cgolpe gradual\u201d; relembre o esc\u00e2ndalo<\/a><\/li>\n<li class=\"postViewMore_post-view-more-item__2MzRb\"><a class=\"postViewMore_post-view-more-link-noImage__D7wM3\" href=\"https:\/\/www.gazetadopovo.com.br\/republica\/julgamento-de-bolsonaro-e-outros-sete-continua-acompanhe-ao-vivo-leitura-dos-votos\/?ref=veja-tambem\" title=\"Veja tamb\u00e9m: Ao vivo: Julgamento de Bolsonaro e outros sete continua\" rel=\"nofollow noopener\" target=\"_blank\">Ao vivo: Julgamento de Bolsonaro e outros sete continua<\/a><\/li>\n<\/ul>\n","protected":false},"excerpt":{"rendered":"Antes de anunciar o seu voto a favor da condena\u00e7\u00e3o do ex-presidente Jair Bolsonaro por golpe de Estado,&hellip;\n","protected":false},"author":2,"featured_media":67612,"comment_status":"","ping_status":"","sticky":false,"template":"","format":"standard","meta":{"footnotes":""},"categories":[143],"tags":[169,16568,114,115,1125,170,32,33,4179],"class_list":{"0":"post-67611","1":"post","2":"type-post","3":"status-publish","4":"format-standard","5":"has-post-thumbnail","7":"category-livros","8":"tag-books","9":"tag-carmen-lucia","10":"tag-entertainment","11":"tag-entretenimento","12":"tag-jair-bolsonaro","13":"tag-livros","14":"tag-portugal","15":"tag-pt","16":"tag-stf"},"share_on_mastodon":{"url":"","error":""},"_links":{"self":[{"href":"https:\/\/www.europesays.com\/pt\/wp-json\/wp\/v2\/posts\/67611","targetHints":{"allow":["GET"]}}],"collection":[{"href":"https:\/\/www.europesays.com\/pt\/wp-json\/wp\/v2\/posts"}],"about":[{"href":"https:\/\/www.europesays.com\/pt\/wp-json\/wp\/v2\/types\/post"}],"author":[{"embeddable":true,"href":"https:\/\/www.europesays.com\/pt\/wp-json\/wp\/v2\/users\/2"}],"replies":[{"embeddable":true,"href":"https:\/\/www.europesays.com\/pt\/wp-json\/wp\/v2\/comments?post=67611"}],"version-history":[{"count":0,"href":"https:\/\/www.europesays.com\/pt\/wp-json\/wp\/v2\/posts\/67611\/revisions"}],"wp:featuredmedia":[{"embeddable":true,"href":"https:\/\/www.europesays.com\/pt\/wp-json\/wp\/v2\/media\/67612"}],"wp:attachment":[{"href":"https:\/\/www.europesays.com\/pt\/wp-json\/wp\/v2\/media?parent=67611"}],"wp:term":[{"taxonomy":"category","embeddable":true,"href":"https:\/\/www.europesays.com\/pt\/wp-json\/wp\/v2\/categories?post=67611"},{"taxonomy":"post_tag","embeddable":true,"href":"https:\/\/www.europesays.com\/pt\/wp-json\/wp\/v2\/tags?post=67611"}],"curies":[{"name":"wp","href":"https:\/\/api.w.org\/{rel}","templated":true}]}}