{"id":67615,"date":"2025-09-11T21:09:27","date_gmt":"2025-09-11T21:09:27","guid":{"rendered":"https:\/\/www.europesays.com\/pt\/67615\/"},"modified":"2025-09-11T21:09:27","modified_gmt":"2025-09-11T21:09:27","slug":"cachorro-esta-em-perigo-no-novo-cartaz-do-terror-bom-menino-confira","status":"publish","type":"post","link":"https:\/\/www.europesays.com\/pt\/67615\/","title":{"rendered":"Cachorro est\u00e1 em PERIGO no novo cartaz do terror &#8216;Bom Menino&#8217;; Confira!"},"content":{"rendered":"<p>O terror \u2018<strong>Bom Menino<\/strong>\u2018 (Good Boy), cuja hist\u00f3ria \u00e9 contada atrav\u00e9s da perspectiva de um cachorro, ganhou um novo cartaz sinistro.<\/p>\n<p>Confira e siga o <a href=\"https:\/\/www.youtube.com\/cinepop?sub_confirmation=1\" target=\"_blank\" rel=\"noopener nofollow\"><strong>CinePOP no Youtube<\/strong><\/a>:<\/p>\n<p><img fetchpriority=\"high\" decoding=\"async\" class=\"alignnone wp-image-691569\" src=\"https:\/\/www.europesays.com\/pt\/wp-content\/uploads\/2025\/09\/good-boy-poster.webp.webp\" alt=\"\" width=\"1245\" height=\"1556\"  \/><\/p>\n<p>O terror ser\u00e1 lan\u00e7ado nos cinemas nacionais no <strong>dia 30 de outubro<\/strong>.<\/p>\n<p>O consenso geral n\u00e3o poupa elogios ao c\u00e3o protagonista, destacando o excelente uso do conceito n\u00e3o convencional e o impacto emocional de sua narrativa.<\/p>\n<p><img loading=\"lazy\" decoding=\"async\" src=\"https:\/\/www.europesays.com\/pt\/wp-content\/uploads\/2025\/09\/RT-1.jpg\" alt=\"\" width=\"884\" height=\"278\"  \/><\/p>\n<p><strong>Separamos os trechos das principais cr\u00edticas:<\/strong><\/p>\n<p>\u201cParte do terror do filme, especialmente quando chega \u00e0 sua conclus\u00e3o devastadora, \u00e9 testemunhar esse inocente peludo ver seu mundo inteiro desmoronar lentamente ao seu redor, e n\u00e3o ser capaz de compreender o motivo.\u201d (<strong>RogerEbert.com<\/strong>)<\/p>\n<p>\u201cO que poderia ter sido facilmente um truque barato, na verdade, resulta em um dos melhores filmes de terror deste ano.\u201d (<strong>Indiewire<\/strong>)<\/p>\n<p>\u201cO que mais chama a aten\u00e7\u00e3o e d\u00e1 ao filme seu poder emocional \u00e9 a lealdade inabal\u00e1vel de Indy ao seu amado dono e sua disposi\u00e7\u00e3o de fazer praticamente qualquer coisa para proteg\u00ea-lo.\u201d (<strong style=\"color: #333399;\">The Hollywood Reporter<\/strong>)<\/p>\n<p>\u201c[O diretor] Ben Leonberg cria um retrato pensativo, perturbador e comovente de qu\u00e3o assustador pode ser para um c\u00e3o quando seu mundo inteiro vira de cabe\u00e7a para baixo e ele n\u00e3o consegue entender o motivo.\u201d (<strong>Bloody Disgusting<\/strong>)<\/p>\n<p>\u201c\u2018Good Boy\u2019 \u00e9 um terror assustador e nada convencional, com uma das melhores atua\u00e7\u00f5es que vi este ano (de um cachorro, nada menos).\u201d (<strong>Film Inquiry<\/strong>)<\/p>\n<p>\u201cCom uma abordagem inovadora e a atua\u00e7\u00e3o alucinante de Indy, \u2018Good Boy\u2019 \u00e9 uma das experi\u00eancias mais \u00fanicas do ano.\u201d (<strong>ScreenAnarchy<\/strong>)<\/p>\n<p><img loading=\"lazy\" decoding=\"async\" class=\"alignnone  wp-image-690974\" src=\"https:\/\/www.europesays.com\/pt\/wp-content\/uploads\/2025\/09\/bom-menino-poster.jpg\" alt=\"\" width=\"971\" height=\"1214\"  \/><\/p>\n<p>\u201cNosso her\u00f3i canino, Indy, se encontra em uma nova aventura com seu dono humano \u2014 e melhor amigo \u2014 Todd, deixando a vida na cidade para viver em uma casa de fam\u00edlia antiga no campo. Desde o in\u00edcio, duas coisas ficam bem claras: Indy desconfia da velha casa assustadora e sua afei\u00e7\u00e3o por Todd \u00e9 inabal\u00e1vel.<\/p>\n<p>Ap\u00f3s se mudar, Indy fica imediatamente incomodado com cantos vazios, rastreia uma presen\u00e7a invis\u00edvel que s\u00f3 ele consegue ver, percebe avisos fantasmag\u00f3ricos de um cachorro morto h\u00e1 muito tempo e \u00e9 assombrado por vis\u00f5es da morte sombria do antigo morador. Quando Todd come\u00e7a a sucumbir \u00e0s for\u00e7as sombrias que rondam a casa, Indy precisa lutar contra uma maldade que pretende arrastar seu amado Todd para a vida ap\u00f3s a morte.\u201d<\/p>\n<p>A produ\u00e7\u00e3o marca a estreia diretorial de <strong>Ben Leonberg<\/strong>, a partir de um roteiro que ele escreveu ao lado de <strong>Alex Cannon<\/strong>.<\/p>\n<p>O filme \u00e9 estrelado por Indy, o cachorro do pr\u00f3prio cineasta, al\u00e9m de <strong>Larry Fessenden<\/strong>,\u00a0<strong>Shane Jensen <\/strong>e\u00a0<strong>Arielle Friedman<\/strong>.<\/p>\n","protected":false},"excerpt":{"rendered":"O terror \u2018Bom Menino\u2018 (Good Boy), cuja hist\u00f3ria \u00e9 contada atrav\u00e9s da perspectiva de um cachorro, ganhou um&hellip;\n","protected":false},"author":2,"featured_media":67616,"comment_status":"","ping_status":"","sticky":false,"template":"","format":"standard","meta":{"footnotes":""},"categories":[140],"tags":[13347,13348,13349,114,115,147,148,13350,13351,13352,146,32,33,13353],"class_list":{"0":"post-67615","1":"post","2":"type-post","3":"status-publish","4":"format-standard","5":"has-post-thumbnail","7":"category-filmes","8":"tag-alex-cannon","9":"tag-arielle-friedman","10":"tag-ben-leonberg","11":"tag-entertainment","12":"tag-entretenimento","13":"tag-film","14":"tag-filmes","15":"tag-good-boy","16":"tag-indy","17":"tag-larry-fessenden","18":"tag-movies","19":"tag-portugal","20":"tag-pt","21":"tag-shane-jensen"},"share_on_mastodon":{"url":"","error":""},"_links":{"self":[{"href":"https:\/\/www.europesays.com\/pt\/wp-json\/wp\/v2\/posts\/67615","targetHints":{"allow":["GET"]}}],"collection":[{"href":"https:\/\/www.europesays.com\/pt\/wp-json\/wp\/v2\/posts"}],"about":[{"href":"https:\/\/www.europesays.com\/pt\/wp-json\/wp\/v2\/types\/post"}],"author":[{"embeddable":true,"href":"https:\/\/www.europesays.com\/pt\/wp-json\/wp\/v2\/users\/2"}],"replies":[{"embeddable":true,"href":"https:\/\/www.europesays.com\/pt\/wp-json\/wp\/v2\/comments?post=67615"}],"version-history":[{"count":0,"href":"https:\/\/www.europesays.com\/pt\/wp-json\/wp\/v2\/posts\/67615\/revisions"}],"wp:featuredmedia":[{"embeddable":true,"href":"https:\/\/www.europesays.com\/pt\/wp-json\/wp\/v2\/media\/67616"}],"wp:attachment":[{"href":"https:\/\/www.europesays.com\/pt\/wp-json\/wp\/v2\/media?parent=67615"}],"wp:term":[{"taxonomy":"category","embeddable":true,"href":"https:\/\/www.europesays.com\/pt\/wp-json\/wp\/v2\/categories?post=67615"},{"taxonomy":"post_tag","embeddable":true,"href":"https:\/\/www.europesays.com\/pt\/wp-json\/wp\/v2\/tags?post=67615"}],"curies":[{"name":"wp","href":"https:\/\/api.w.org\/{rel}","templated":true}]}}