{"id":67621,"date":"2025-09-11T21:15:07","date_gmt":"2025-09-11T21:15:07","guid":{"rendered":"https:\/\/www.europesays.com\/pt\/67621\/"},"modified":"2025-09-11T21:15:07","modified_gmt":"2025-09-11T21:15:07","slug":"ucrania-e-gaza-dominam-discurso-sobre-o-estado-da-uniao-von-der-leyen-comove-eurodeputados-com-a-historia-de-sasha-e-liudmyla-a-europa-esta-em-luta","status":"publish","type":"post","link":"https:\/\/www.europesays.com\/pt\/67621\/","title":{"rendered":"Ucr\u00e2nia e Gaza dominam discurso sobre o Estado da Uni\u00e3o. Von der Leyen comove eurodeputados com a hist\u00f3ria de Sasha e Liudmyla: \u201cA Europa est\u00e1 em luta\u201d"},"content":{"rendered":"<p>\t                A presidente da Comiss\u00e3o Europeia reiterou a defesa de uma solu\u00e7\u00e3o de dois estados para o conflito no M\u00e9dio Oriente e considerou que a R\u00fassia &#8220;deve pagar pela guerra que come\u00e7ou: &#8220;temos de trabalhar urgentemente numa nova solu\u00e7\u00e3o para financiar o esfor\u00e7o de guerra da Ucr\u00e2nia com base nos ativos russos imobilizados\u201d<\/p>\n<p style=\"margin-bottom:11px\">O discurso sobre o Estado da Na\u00e7\u00e3o da Presidente da Comiss\u00e3o Europeia, Ursula von der Leyen, esta quarta-feira, foi dominado pelas guerras entre a R\u00fassia e a Ucr\u00e2nia e entre Israel e o Hamas, que, diz, amea\u00e7am a integridade, a independ\u00eancia e a paz no territ\u00f3rio europeu. \u201cA Europa est\u00e1 em luta. Uma luta por um continente inteiro e em paz\u201d, sublinhou.<\/p>\n<p>\u201cSim, a Europa tem de lutar. Pelo seu lugar num mundo em que muitas das grandes pot\u00eancias s\u00e3o ambivalentes ou abertamente hostis \u00e0 Europa. Um mundo de ambi\u00e7\u00f5es imperiais e de guerras imperiais. Um mundo em que as depend\u00eancias s\u00e3o impiedosamente transformadas em armas\u201d, diz Ursula von der Leyen.<\/p>\n<p>Para Von der Leyen, \u201ceste deve ser o momento de independ\u00eancia da Europa\u201d. A presidente da Comiss\u00e3o Europeia diz que \u00e9 altura de \u201csermos capazes de cuidar da nossa pr\u00f3pria defesa e seguran\u00e7a\u201d e \u201cdecidir o tipo de sociedade e de democracia em que queremos viver\u201d. \u00c9 altura, considera de \u201cestar aberto ao mundo e escolher parcerias com aliados &#8211; antigos e novos\u201d. \u201cEm \u00faltima an\u00e1lise, trata-se de ter a liberdade e o poder de determinar o nosso pr\u00f3prio destino. E sabemos que somos capazes de o fazer. Porque juntos mostr\u00e1mos o que \u00e9 poss\u00edvel quando temos a mesma ambi\u00e7\u00e3o, unidade e urg\u00eancia\u201d, sublinhou, recordando temas em que a Europa demonstrou a verdadeira uni\u00e3o, como a pandemia, o plano de recupera\u00e7\u00e3o, o apoio \u00e0 Ucr\u00e2nia, a defesa, a energia e a seguran\u00e7a. \u201cDe todas as vezes, a Europa manteve-se unida e fez\u201d, resumiu<\/p>\n<p><strong>Sasha e Liudmyla aplaudidos de p\u00e9 no Parlamento Europeu<\/strong> <\/p>\n<p>Nas bancadas do Parlamento Europeu, estavam dois convidados especiais, cuja hist\u00f3ria Ursula von der Leyen contou aos eurodeputados e que simboliza a luta da Ucr\u00e2nia pela \u201cliberdade e pela independ\u00eancia\u201d.<\/p>\n<p>\u201cSasha tinha apenas 11 anos quando os russos atacaram. Ele e a m\u00e3e refugiaram-se numa cave na sua cidade de Mariupol. Uma manh\u00e3, sa\u00edram para ir buscar comida. Foi nessa altura que o inferno se instalou. Uma chuva de bombas russas, sobre um bairro civil. Tudo ficou escuro e Sasha sentiu a cara a arder. Tinha estilha\u00e7os mesmo por baixo dos olhos. Numa quest\u00e3o de dias, os soldados russos invadiram a cidade. Levaram Sasha e a sua m\u00e3e para aquilo a que os russos chamavam um \u2018campo de filtragem\u2019. Depois, levaram o Sasha. Disseram-lhe que n\u00e3o precisava da m\u00e3e e que iria para a R\u00fassia e teria uma m\u00e3e russa. Um passaporte russo. Um nome russo. Mandaram-no para a Donetsk ocupada\u201d, conta.<\/p>\n<p>\u201cMas Sasha n\u00e3o desistiu. Numa paragem no caminho, pediu emprestado o telefone de um desconhecido. E ligou para a av\u00f3, Liudmyla, que vivia na Ucr\u00e2nia livre. \u2018Baba, leva-me para casa\u2019. Ela n\u00e3o hesitou nem um segundo. Os amigos disseram-lhe que ela era louca por ir. Mas Liudmyla moveu montanhas para chegar at\u00e9 ele. Com a ajuda do Governo ucraniano, viajou para a Pol\u00f3nia, Litu\u00e2nia, Let\u00f3nia, R\u00fassia e, finalmente, para a Ucr\u00e2nia ocupada. Recuperou Sasha. E, atrav\u00e9s da mesma longa viagem, levou-o para um local seguro\u201d, acrescenta.<\/p>\n<p>Sasha e a av\u00f3 comoveram-se quando Von der Leyen recordou que a luta de ambos ainda n\u00e3o acabou e que \u201ctodos os dias continuam a lutar para encontrar a m\u00e3e de Sasha &#8211; presa algures pela guerra brutal da R\u00fassia\u201d. A presen\u00e7a de Shasha e da av\u00f3 Liudmyla foi aplaudida de p\u00e9 pelos eurodeputados, incitados pela pr\u00f3pria presidente da Comiss\u00e3o Europeia.<\/p>\n<p>&#8220;Todas as crian\u00e7as raptadas [pela R\u00fassia] devem ser devolvidas&#8221;, resumiu Ursula von der Leyen.\u00a0<\/p>\n<p>No dia em que a For\u00e7a A\u00e9rea polaca intercetou pelo menos seis drones russos que se dirigiam para a Ucr\u00e2nia, numa parte improvisada do discurso, Von der Leyen n\u00e3o deixou de recordar a \u201cinvas\u00e3o\u201d e de demonstrar \u201csolidariedade com a Pol\u00f3nia e com o povo polaco\u201d. \u00a0<\/p>\n<p>\u201cA R\u00fassia que deve pagar\u201d pela guerra <\/p>\n<p>A presidente da Comiss\u00e3o Europeia considera que a guerra tem de \u201cterminar com uma paz justa e duradoura para a Ucr\u00e2nia\u201d, \u201cporque a liberdade da Ucr\u00e2nia \u00e9 a liberdade da Europa\u201d.<\/p>\n<p>\u201cAs imagens no Alasca n\u00e3o foram f\u00e1ceis de digerir. Mas poucos dias depois, os l\u00edderes europeus deslocaram-se a Washington para apoiar o Presidente Zelenskyy e garantir compromissos. Desde ent\u00e3o, registaram-se verdadeiros progressos. Ainda na semana passada, 26 pa\u00edses da Coliga\u00e7\u00e3o de Vontades afirmaram estar dispostos a integrar uma for\u00e7a de tranquiliza\u00e7\u00e3o na Ucr\u00e2nia ou a participar financeiramente &#8211; no contexto de um cessar-fogo. Continuaremos a apoiar todos os esfor\u00e7os diplom\u00e1ticos para p\u00f4r termo a esta guerra\u201d, garantiu.<\/p>\n<p>No discurso, Von der Leyen ataca Vladimir Putin e sublinhou que \u201ctodos n\u00f3s j\u00e1 vimos o que a R\u00fassia entende por \u2018diplomacia\u2019\u201d. \u201cPutin recusa-se a encontrar-se com o presidente Zelensky. Na semana passada, a R\u00fassia lan\u00e7ou o maior n\u00famero de drones e m\u00edsseis bal\u00edsticos num \u00fanico ataque. Ontem, houve um ataque com m\u00edsseis a uma aldeia em Donetsk, visando pessoas que esperavam para levantar as suas pens\u00f5es. Mais de 20 pessoas foram mortas\u201d, recordou.<\/p>\n<p>Von der Leyen pediu mais press\u00e3o sobre Putin, para que se sente \u00e0 mesa das negocia\u00e7\u00f5es e pediu mais san\u00e7\u00f5es sobre a R\u00fassia.<\/p>\n<p>\u201cE, ao mesmo tempo, precisamos de mais apoio para a Ucr\u00e2nia. Ningu\u00e9m contribuiu tanto como a Europa. At\u00e9 \u00e0 data, cerca de 170 mil milh\u00f5es de euros de ajuda militar e financeira. Ser\u00e1 necess\u00e1rio mais. E n\u00e3o devem ser apenas os contribuintes europeus a suportar o peso desta situa\u00e7\u00e3o. Esta \u00e9 a guerra da R\u00fassia. E \u00e9 a R\u00fassia que deve pagar. \u00c9 por isso que temos de trabalhar urgentemente numa nova solu\u00e7\u00e3o para financiar o esfor\u00e7o de guerra da Ucr\u00e2nia com base nos ativos russos imobilizados\u201d, garantiu.<\/p>\n<p>\u201cPessoas mortas enquanto pediam comida\u201d e \u201cm\u00e3es a segurar beb\u00e9s sem vida\u201d <\/p>\n<p>Ursula von der Leyen lembrou tamb\u00e9m a guerra no M\u00e9dio Oriente e considerou que \u201co que est\u00e1 a acontecer em Gaza abalou a consci\u00eancia do mundo\u201d e \u201cn\u00e3o pode continuar a acontecer\u201d. \u201cPessoas mortas enquanto pediam comida. M\u00e3es a segurar beb\u00e9s sem vida. Estas imagens s\u00e3o simplesmente catastr\u00f3ficas. Por isso, quero come\u00e7ar com uma mensagem muito clara: A fome provocada pelo homem nunca pode ser uma arma de guerra. Para o bem das crian\u00e7as, para o bem da humanidade &#8211; isto tem de acabar\u201d, refor\u00e7ou.<\/p>\n<p>Von der Leyen condenou a \u201casfixia financeira da Autoridade Palestiniana\u201d, \u201cos planos para um projeto de coloniza\u00e7\u00e3o na chamada zona E1, que essencialmente separaria a Cisjord\u00e2nia ocupada de Jerusal\u00e9m Oriental\u201d e \u201cas a\u00e7\u00f5es e declara\u00e7\u00f5es dos ministros mais extremistas do Governo israelita que incitam \u00e0 viol\u00eancia\u201d.<\/p>\n<p>A presidente da Comiss\u00e3o Europeia considera que o conflito no M\u00e9dio Oriente s\u00f3 ter\u00e1 fim com uma \u201csolu\u00e7\u00e3o dos dois Estados\u201d. \u201cO nosso empenhamento numa Autoridade Palestiniana vi\u00e1vel est\u00e1 a manter viva uma solu\u00e7\u00e3o de dois Estados. E temos de exortar os outros a darem tamb\u00e9m um passo em frente com urg\u00eancia &#8211; tanto na regi\u00e3o como fora dela\u201d, exortou.<\/p>\n<p>Von der Leyen anunciou que a Uni\u00e3o Europeia vai o apoio bilateral a Israel. \u201cSuspenderemos todos os pagamentos nestas \u00e1reas &#8211; sem afetar o nosso trabalho com a sociedade civil israelita ou com o Yad Vashem\u201d, garantiu, acrescentando que vai propor \u201csan\u00e7\u00f5es contra os ministros extremistas e contra os colonos violentos\u201d e \u201cuma suspens\u00e3o parcial do Acordo de Associa\u00e7\u00e3o em mat\u00e9rias relacionadas com o com\u00e9rcio\u201d.<\/p>\n<p>\u201cSou uma amiga de longa data do povo de Israel. Sei o quanto os atrozes ataques de 7 de outubro, perpetrados pelos terroristas do Hamas, abalaram a na\u00e7\u00e3o at\u00e9 ao<\/p>\n<p>seu \u00e2mago. Os ref\u00e9ns foram mantidos em cativeiro pelos terroristas do Hamas durante mais de 700 dias desde 7 de outubro. S\u00e3o 700 dias de dor e sofrimento. Nunca haver\u00e1 lugar para o Hamas &#8211; nem agora, nem no futuro. Porque eles s\u00e3o terroristas que querem destruir Israel e tamb\u00e9m est\u00e3o a infligir terror ao seu pr\u00f3prio povo\u201d, condenou ainda, apelando \u00e0 liverta\u00e7\u00e3o de todos os ref\u00e9ns que o Hamas ainda mant\u00e9m cativos e ao fim de todas as restri\u00e7\u00f5es a toda a ajuda humanit\u00e1ria.<\/p>\n<p>\u201cE deve haver um cessar-fogo imediato. Mas, a longo prazo, o \u00fanico plano de paz realista \u00e9 um plano baseado em dois Estados, vivendo lado a lado em paz e seguran\u00e7a, com um Israel seguro, uma Autoridade Palestiniana vi\u00e1vel e a elimina\u00e7\u00e3o do flagelo do Hamas\u201d, refor\u00e7ou.<\/p>\n<p style=\"margin-bottom:11px\">Von der Leyen apelou ainda a uma desburocratiza\u00e7\u00e3o na Europa, para tornar o com\u00e9rcio \u201cmais simples\u201d. Falou ainda de desenvolvimento tecnol\u00f3gico e considerou que \u201cuma Intelig\u00eancia Artificial europeia \u00e9 essencial para a nossa futura independ\u00eancia\u201d. \u201cAjudar\u00e1 a impulsionar as nossas ind\u00fastrias e as nossas sociedades. Dos cuidados de sa\u00fade \u00e0 defesa\u201d, defendeu, sublinhando a import\u00e2ncia de se adotar uma \u201cabordagem em rela\u00e7\u00e3o \u00e0 tecnologia limpa &#8211; do a\u00e7o \u00e0s baterias\u201d.<\/p>\n","protected":false},"excerpt":{"rendered":"A presidente da Comiss\u00e3o Europeia reiterou a defesa de uma solu\u00e7\u00e3o de dois estados para o conflito no&hellip;\n","protected":false},"author":2,"featured_media":67622,"comment_status":"","ping_status":"","sticky":false,"template":"","format":"standard","meta":{"footnotes":""},"categories":[50],"tags":[609,836,611,27,28,607,608,333,832,604,135,610,476,18445,15,16,532,301,830,14,603,25,26,570,21,22,831,833,62,834,12,13,19,20,835,602,52,32,23,24,17,18,840,29,30,31,1153,15618,63,64,65],"class_list":{"0":"post-67621","1":"post","2":"type-post","3":"status-publish","4":"format-standard","5":"has-post-thumbnail","7":"category-mundo","8":"tag-alerta","9":"tag-analise","10":"tag-ao-minuto","11":"tag-breaking-news","12":"tag-breakingnews","13":"tag-cnn","14":"tag-cnn-portugal","15":"tag-comentadores","16":"tag-costa","17":"tag-crime","18":"tag-desporto","19":"tag-direto","20":"tag-economia","21":"tag-estado-da-uniao","22":"tag-featured-news","23":"tag-featurednews","24":"tag-gaza","25":"tag-governo","26":"tag-guerra","27":"tag-headlines","28":"tag-justica","29":"tag-latest-news","30":"tag-latestnews","31":"tag-live","32":"tag-main-news","33":"tag-mainnews","34":"tag-mais-vistas","35":"tag-marcelo","36":"tag-mundo","37":"tag-negocios","38":"tag-news","39":"tag-noticias","40":"tag-noticias-principais","41":"tag-noticiasprincipais","42":"tag-opiniao","43":"tag-pais","44":"tag-politica","45":"tag-portugal","46":"tag-principais-noticias","47":"tag-principaisnoticias","48":"tag-top-stories","49":"tag-topstories","50":"tag-ucrania","51":"tag-ultimas","52":"tag-ultimas-noticias","53":"tag-ultimasnoticias","54":"tag-ursula-von-der-leyen","55":"tag-von-der-leyen","56":"tag-world","57":"tag-world-news","58":"tag-worldnews"},"share_on_mastodon":{"url":"","error":""},"_links":{"self":[{"href":"https:\/\/www.europesays.com\/pt\/wp-json\/wp\/v2\/posts\/67621","targetHints":{"allow":["GET"]}}],"collection":[{"href":"https:\/\/www.europesays.com\/pt\/wp-json\/wp\/v2\/posts"}],"about":[{"href":"https:\/\/www.europesays.com\/pt\/wp-json\/wp\/v2\/types\/post"}],"author":[{"embeddable":true,"href":"https:\/\/www.europesays.com\/pt\/wp-json\/wp\/v2\/users\/2"}],"replies":[{"embeddable":true,"href":"https:\/\/www.europesays.com\/pt\/wp-json\/wp\/v2\/comments?post=67621"}],"version-history":[{"count":0,"href":"https:\/\/www.europesays.com\/pt\/wp-json\/wp\/v2\/posts\/67621\/revisions"}],"wp:featuredmedia":[{"embeddable":true,"href":"https:\/\/www.europesays.com\/pt\/wp-json\/wp\/v2\/media\/67622"}],"wp:attachment":[{"href":"https:\/\/www.europesays.com\/pt\/wp-json\/wp\/v2\/media?parent=67621"}],"wp:term":[{"taxonomy":"category","embeddable":true,"href":"https:\/\/www.europesays.com\/pt\/wp-json\/wp\/v2\/categories?post=67621"},{"taxonomy":"post_tag","embeddable":true,"href":"https:\/\/www.europesays.com\/pt\/wp-json\/wp\/v2\/tags?post=67621"}],"curies":[{"name":"wp","href":"https:\/\/api.w.org\/{rel}","templated":true}]}}