{"id":67829,"date":"2025-09-12T00:19:09","date_gmt":"2025-09-12T00:19:09","guid":{"rendered":"https:\/\/www.europesays.com\/pt\/67829\/"},"modified":"2025-09-12T00:19:09","modified_gmt":"2025-09-12T00:19:09","slug":"ludmilla-mostra-presente-de-brunna-e-zuri-durante-ensaio-visita-especial","status":"publish","type":"post","link":"https:\/\/www.europesays.com\/pt\/67829\/","title":{"rendered":"Ludmilla mostra presente de Brunna e Zuri durante ensaio: &#8216;Visita especial&#8217;"},"content":{"rendered":"\n<p class=\" content-text__container theme-color-primary-first-letter\" data-track-category=\"Link no Texto\" data-track-links=\"\"> Ludmilla recebeu uma visita ilustre durante o ensaio de seu show na noite desta quinta-feira (11.09), de sua esposa Brunna Gon\u00e7alves e a pequena Zuri. <\/p>\n<p class=\" content-text__container \" data-track-category=\"Link no Texto\" data-track-links=\"\"> Nos Stories de seu Instagram, Lud compartilhou um v\u00eddeo em que ela e Brunna aparecem sentadas enquanto recebiam as orienta\u00e7\u00f5es, e seguravam a beb\u00ea no colo. <\/p>\n<p class=\" content-text__container \" data-track-category=\"Link no Texto\" data-track-links=\"\"> Zuri estava toda de rosa, segurando um brinquedinho e usando um fone abafador de ru\u00eddos. &#8220;Visita especial no ensaio hoje&#8221;, escreveu a cantora, na legenda do registro. <\/p>\n<p class=\" content-text__container \" data-track-category=\"Link no Texto\" data-track-links=\"\"> Zuri nasceu nos Estados Unidos em maio de 2025, e o nome, de origem sua\u00edli, significa &#8220;bela&#8221; ou &#8220;bonita&#8221; e foi escolhido pelas m\u00e3es por sua sonoridade e por representar a beleza interior, a for\u00e7a e a ancestralidade africana. A beb\u00ea j\u00e1 possui a cidadania americana por direito de nascimento. <\/p>\n<p>  Continuar lendo  <\/p>\n","protected":false},"excerpt":{"rendered":"Ludmilla recebeu uma visita ilustre durante o ensaio de seu show na noite desta quinta-feira (11.09), de sua&hellip;\n","protected":false},"author":2,"featured_media":67830,"comment_status":"","ping_status":"","sticky":false,"template":"","format":"standard","meta":{"footnotes":""},"categories":[145],"tags":[211,210,114,115,32,33],"class_list":{"0":"post-67829","1":"post","2":"type-post","3":"status-publish","4":"format-standard","5":"has-post-thumbnail","7":"category-celebridades","8":"tag-celebridades","9":"tag-celebrities","10":"tag-entertainment","11":"tag-entretenimento","12":"tag-portugal","13":"tag-pt"},"share_on_mastodon":{"url":"","error":""},"_links":{"self":[{"href":"https:\/\/www.europesays.com\/pt\/wp-json\/wp\/v2\/posts\/67829","targetHints":{"allow":["GET"]}}],"collection":[{"href":"https:\/\/www.europesays.com\/pt\/wp-json\/wp\/v2\/posts"}],"about":[{"href":"https:\/\/www.europesays.com\/pt\/wp-json\/wp\/v2\/types\/post"}],"author":[{"embeddable":true,"href":"https:\/\/www.europesays.com\/pt\/wp-json\/wp\/v2\/users\/2"}],"replies":[{"embeddable":true,"href":"https:\/\/www.europesays.com\/pt\/wp-json\/wp\/v2\/comments?post=67829"}],"version-history":[{"count":0,"href":"https:\/\/www.europesays.com\/pt\/wp-json\/wp\/v2\/posts\/67829\/revisions"}],"wp:featuredmedia":[{"embeddable":true,"href":"https:\/\/www.europesays.com\/pt\/wp-json\/wp\/v2\/media\/67830"}],"wp:attachment":[{"href":"https:\/\/www.europesays.com\/pt\/wp-json\/wp\/v2\/media?parent=67829"}],"wp:term":[{"taxonomy":"category","embeddable":true,"href":"https:\/\/www.europesays.com\/pt\/wp-json\/wp\/v2\/categories?post=67829"},{"taxonomy":"post_tag","embeddable":true,"href":"https:\/\/www.europesays.com\/pt\/wp-json\/wp\/v2\/tags?post=67829"}],"curies":[{"name":"wp","href":"https:\/\/api.w.org\/{rel}","templated":true}]}}