{"id":67837,"date":"2025-09-12T00:37:16","date_gmt":"2025-09-12T00:37:16","guid":{"rendered":"https:\/\/www.europesays.com\/pt\/67837\/"},"modified":"2025-09-12T00:37:16","modified_gmt":"2025-09-12T00:37:16","slug":"rodrigo-mora-confiante-temos-equipa-forte-e-acho-que-vai-ser-uma-grande-epoca-o-jogo","status":"publish","type":"post","link":"https:\/\/www.europesays.com\/pt\/67837\/","title":{"rendered":"Rodrigo Mora confiante: &quot;Temos equipa forte e acho que vai ser uma grande \u00e9poca&quot; &#8211; O Jogo"},"content":{"rendered":"<ol>\n<li><a href=\"https:\/\/news.google.com\/rss\/articles\/CBMirwFBVV95cUxPaHF4MzJUWjQxTnVXZVlMc0drM3JfYWdFWjhxdTVWYnVLNTZfSUx4SEZtNS1nQTRMTV84Z1ByZF84YnQyQW9Ed3ZtT293bm1fZDZyZzZRWHpfQ0V1eWtLVVlhb3N1Zzc1TmZteVZqaEJwenI1aXhWNk9EZjhDMTVfbWxja1RjWlhuNVFLNi1DLTZFdUJXeEpaaHViWkNwYzN3VnBFRnkzYWo5X3hJcU84?oc=5\" target=\"_blank\" rel=\"nofollow noopener\">Rodrigo Mora confiante: &#8220;Temos equipa forte e acho que vai ser uma grande \u00e9poca&#8221;<\/a>&nbsp;&nbsp;O Jogo<\/li>\n<li><a href=\"https:\/\/news.google.com\/rss\/articles\/CBMitwFBVV95cUxNRGpHSldiV0VhYk8tc1JRZ1BIZ1ljNnkzTDVNLTN0bENnMTFlZ2ltU3JmczNiWDE0R1FFbDQ2QTRQaEJmbkJYb1VjamdEajBTSjhGZ1hSSFg1Wm04SEpjcXJrVmlpN25qczRRNFdhNGpjWUQ2WjVScWF4MmVBVldYYk9pSHVVWXM1NVlQdDMtdjhiQzhQZWQtZWM0RnM4d1BfNkZQOGlDRmdwY2dBMzk1VmpFcEZRckk?oc=5\" target=\"_blank\" rel=\"nofollow noopener\">Rodrigo Mora, o FC Porto e o mercado: \u00abEstou muito feliz no meu clube\u00bb<\/a>&nbsp;&nbsp;A Bola<\/li>\n<li><a href=\"https:\/\/news.google.com\/rss\/articles\/CBMixgFBVV95cUxPY3JXelpkcE95RXpEOEc1SEdRWmYtRldYdUlIVFJ1UVFERmhQTGJ5SzJiME5YWXZJM3FJekJMejhIZXdzTkl2ZTdKbzJlTjNZdDEtWWllcHlmcVRIU2hVMXc2X1V3YURPX1ZOb1d3M1lkX1dGMndabDFLTzdsUW1TR01Ed0FKX1BVUmd1Xy1uNXNiQVI3aGF4OXk2S3hFblEzRzZ2TlRQRElsVkladG5MdVZtelcxLUhTek5rejNTTWYwR2R3NkE?oc=5\" target=\"_blank\" rel=\"nofollow noopener\">\u00abMora esteve sempre pronto para trabalhar e aproveitou a oportunidade\u00bb<\/a>&nbsp;&nbsp;CNN Portugal<\/li>\n<li><a href=\"https:\/\/news.google.com\/rss\/articles\/CBMiogFBVV95cUxPNGo4YnBrLXJ2amVRQ3F4YjdFU1N6ZS0tVG9IR1FoelVPNnFUMnd6N1RTSGhCclkzVlJIMnFVZHVEYTZBOHB5NG5INktLMjlIdExaQmIxRUk2MmJGaHhuZm5ELW45cG5Vd0NHQ1UwWVMyX2E2YVkzQmI5TlJpZjFrUlJnY2lFVHAyUTJWODN0UXk4dmk4ZVdMM001Y3ptOU1nY1E?oc=5\" target=\"_blank\" rel=\"nofollow noopener\">\u00abPosi\u00e7\u00e3o 10? \u00c9 onde posso dar mais \u00e0 equipa, no entanto&#8230;\u00bb<\/a>&nbsp;&nbsp;SAPO<\/li>\n<li><a href=\"https:\/\/news.google.com\/rss\/articles\/CBMioAFBVV95cUxPTjkzQk9BUWU5Ym1IM1Vsemx6TGNWdmdVZVdHQTUxUWE4dDAtbHBoWlpPWk55NFFnUUppcmFCQUE3VG9wU2xqSkg3WTJIcWJOcWt5SG1ETVQtZHJwWnRHcTJHSjlwaVhvU1FPVmExaDR3blY5STAxdXRTWFl5djdNNFJ5elZRMmd0LWRvaG5FdU1GbTJWVGtzSU9XanRsekF1?oc=5\" target=\"_blank\" rel=\"nofollow noopener\">Mora, o exemplo de Vitinha e a amizade com Quenda: &#8220;Confio muito nele&#8221;<\/a>&nbsp;&nbsp;O Jogo<\/li>\n<\/ol>\n","protected":false},"excerpt":{"rendered":"Rodrigo Mora confiante: &#8220;Temos equipa forte e acho que vai ser uma grande \u00e9poca&#8221;&nbsp;&nbsp;O Jogo Rodrigo Mora, o&hellip;\n","protected":false},"author":2,"featured_media":67838,"comment_status":"","ping_status":"","sticky":false,"template":"","format":"standard","meta":{"footnotes":""},"categories":[8],"tags":[27,28,15,16,14,25,26,21,22,12,13,19,20,32,23,24,33,17,18,29,30,31],"class_list":{"0":"post-67837","1":"post","2":"type-post","3":"status-publish","4":"format-standard","5":"has-post-thumbnail","7":"category-principais-noticias","8":"tag-breaking-news","9":"tag-breakingnews","10":"tag-featured-news","11":"tag-featurednews","12":"tag-headlines","13":"tag-latest-news","14":"tag-latestnews","15":"tag-main-news","16":"tag-mainnews","17":"tag-news","18":"tag-noticias","19":"tag-noticias-principais","20":"tag-noticiasprincipais","21":"tag-portugal","22":"tag-principais-noticias","23":"tag-principaisnoticias","24":"tag-pt","25":"tag-top-stories","26":"tag-topstories","27":"tag-ultimas","28":"tag-ultimas-noticias","29":"tag-ultimasnoticias"},"share_on_mastodon":{"url":"","error":""},"_links":{"self":[{"href":"https:\/\/www.europesays.com\/pt\/wp-json\/wp\/v2\/posts\/67837","targetHints":{"allow":["GET"]}}],"collection":[{"href":"https:\/\/www.europesays.com\/pt\/wp-json\/wp\/v2\/posts"}],"about":[{"href":"https:\/\/www.europesays.com\/pt\/wp-json\/wp\/v2\/types\/post"}],"author":[{"embeddable":true,"href":"https:\/\/www.europesays.com\/pt\/wp-json\/wp\/v2\/users\/2"}],"replies":[{"embeddable":true,"href":"https:\/\/www.europesays.com\/pt\/wp-json\/wp\/v2\/comments?post=67837"}],"version-history":[{"count":0,"href":"https:\/\/www.europesays.com\/pt\/wp-json\/wp\/v2\/posts\/67837\/revisions"}],"wp:featuredmedia":[{"embeddable":true,"href":"https:\/\/www.europesays.com\/pt\/wp-json\/wp\/v2\/media\/67838"}],"wp:attachment":[{"href":"https:\/\/www.europesays.com\/pt\/wp-json\/wp\/v2\/media?parent=67837"}],"wp:term":[{"taxonomy":"category","embeddable":true,"href":"https:\/\/www.europesays.com\/pt\/wp-json\/wp\/v2\/categories?post=67837"},{"taxonomy":"post_tag","embeddable":true,"href":"https:\/\/www.europesays.com\/pt\/wp-json\/wp\/v2\/tags?post=67837"}],"curies":[{"name":"wp","href":"https:\/\/api.w.org\/{rel}","templated":true}]}}