{"id":67901,"date":"2025-09-12T01:44:15","date_gmt":"2025-09-12T01:44:15","guid":{"rendered":"https:\/\/www.europesays.com\/pt\/67901\/"},"modified":"2025-09-12T01:44:15","modified_gmt":"2025-09-12T01:44:15","slug":"claudia-vieira-prova-que-estes-36-vestidos-sao-a-grande-tendencia-de-outono","status":"publish","type":"post","link":"https:\/\/www.europesays.com\/pt\/67901\/","title":{"rendered":"Cl\u00e1udia Vieira prova que estes 36 vestidos s\u00e3o a grande tend\u00eancia de outono"},"content":{"rendered":"<p data-end=\"479\" data-start=\"254\">Sim, sabemos: a chuva e as nuvens dos \u00faltimos dias j\u00e1 fazem pensar em looks de outono, cores mais quentes, botas em vez de t\u00e9nis e camadas mais aconchegantes. Mas isso n\u00e3o significa que seja hora de arrumar os vestidos.<\/p>\n<p data-end=\"777\" data-start=\"481\">Este ano, os\u00a0estilos rom\u00e2ntico e\u00a0boho est\u00e3o entre as grandes tend\u00eancias deste ano e do pr\u00f3ximo, o que faz deles escolhas perfeitas para a transi\u00e7\u00e3o de esta\u00e7\u00e3o. E se havia d\u00favidas, o look de <a href=\"https:\/\/versa.iol.pt\/claudia-vieira\/ganga\/a-camisa-de-claudia-vieira-so-esta-indisponivel-se-nao-olharmos-para-zara-ou-h-m\/20250908\/68be8cdad34ee0c2fecfccef\" rel=\"nofollow noopener\" target=\"_blank\">Cl\u00e1udia Vieira<\/a> veio provar que os vestidos continuam a ter lugar garantido no guarda-roupa \u2014 mesmo depois do ver\u00e3o.<\/p>\n<p data-end=\"1127\" data-start=\"779\">A atriz surgiu com um vestido longo da Alice + Olivia, modelo In Blush Kiss Vanilla, em branco com folhas em verde e bordados na saia: delicado, elegante e vers\u00e1til para usar tanto nos dias quentes como nas primeiras brisas de outono. A pe\u00e7a est\u00e1 dispon\u00edvel em sites como <a href=\"https:\/\/www.farfetch.com\/pt\/shopping\/women\/alice-olivia-floral-print-slip-day-dress-item-31288392.aspx?lang=en-US&amp;size=19&amp;utm_source=google&amp;utm_medium=cpc&amp;utm_keywordid=&amp;pid=google_search&amp;af_channel=Search&amp;c=22886115838&amp;af_c_id=22886115838&amp;af_siteid=&amp;af_keywords=&amp;af_adset_id=&amp;af_ad_id=&amp;af_sub1=&amp;is_retargeting=true&amp;gad_source=1&amp;gad_campaignid=22876422435&amp;gclid=Cj0KCQjw5onGBhDeARIsAFK6QJbFvjQY0wEC9EzNayIfTt9fED_pZtFcFPv1TmtQywD_4ZAVEXauq7YaAt80EALw_wcB\" target=\"_blank\" rel=\"nofollow noopener\">Farfetch<\/a> ou <a href=\"https:\/\/www.revolve.com\/alice-olivia-haven-flared-midi-dress-in-blush-kiss-vanilla\/dp\/ALI-WD1136\/\" target=\"_blank\" rel=\"nofollow noopener\">Revolve<\/a>, por valores entre \u20ac500 e \u20ac1.150, mas j\u00e1 esgotada em v\u00e1rios tamanhos.<\/p>\n<p data-end=\"1393\" data-start=\"1129\">Se n\u00e3o quiseres investir tanto (ou arriscar n\u00e3o o encontrar), descobrimos uma op\u00e7\u00e3o acess\u00edvel e atual: um vestido floral da H&amp;M, com ombro descoberto e la\u00e7o na cintura, nos mesmos tons de branco e verde. Melhor ainda: est\u00e1 em promo\u00e7\u00e3o, de \u20ac59,99 para \u20ac50,99.<\/p>\n<p data-end=\"1716\" data-start=\"1395\">Ou seja, n\u00e3o \u00e9 preciso dizer adeus aos vestidos. Este outono, eles mant\u00eam-se protagonistas \u2014 seja para dar um toque rom\u00e2ntico aos dias cinzentos ou para prolongar o esp\u00edrito leve do ver\u00e3o. E, para te inspirar, reunimos na galeria uma sele\u00e7\u00e3o de vestidos florais e boho que v\u00e3o acompanhar-te para l\u00e1 da temporada quente.<\/p>\n","protected":false},"excerpt":{"rendered":"Sim, sabemos: a chuva e as nuvens dos \u00faltimos dias j\u00e1 fazem pensar em looks de outono, cores&hellip;\n","protected":false},"author":2,"featured_media":67902,"comment_status":"","ping_status":"","sticky":false,"template":"","format":"standard","meta":{"footnotes":""},"categories":[85],"tags":[1081,1082,204,114,115,754,186,1079,7562,32,33,1078,1367,1080],"class_list":{"0":"post-67901","1":"post","2":"type-post","3":"status-publish","4":"format-standard","5":"has-post-thumbnail","7":"category-entretenimento","8":"tag-beleza","9":"tag-claudia-vieira","10":"tag-design","11":"tag-entertainment","12":"tag-entretenimento","13":"tag-gastronomia","14":"tag-lifestyle","15":"tag-moda","16":"tag-outono","17":"tag-portugal","18":"tag-pt","19":"tag-versa","20":"tag-vestido","21":"tag-viagens"},"share_on_mastodon":{"url":"","error":""},"_links":{"self":[{"href":"https:\/\/www.europesays.com\/pt\/wp-json\/wp\/v2\/posts\/67901","targetHints":{"allow":["GET"]}}],"collection":[{"href":"https:\/\/www.europesays.com\/pt\/wp-json\/wp\/v2\/posts"}],"about":[{"href":"https:\/\/www.europesays.com\/pt\/wp-json\/wp\/v2\/types\/post"}],"author":[{"embeddable":true,"href":"https:\/\/www.europesays.com\/pt\/wp-json\/wp\/v2\/users\/2"}],"replies":[{"embeddable":true,"href":"https:\/\/www.europesays.com\/pt\/wp-json\/wp\/v2\/comments?post=67901"}],"version-history":[{"count":0,"href":"https:\/\/www.europesays.com\/pt\/wp-json\/wp\/v2\/posts\/67901\/revisions"}],"wp:featuredmedia":[{"embeddable":true,"href":"https:\/\/www.europesays.com\/pt\/wp-json\/wp\/v2\/media\/67902"}],"wp:attachment":[{"href":"https:\/\/www.europesays.com\/pt\/wp-json\/wp\/v2\/media?parent=67901"}],"wp:term":[{"taxonomy":"category","embeddable":true,"href":"https:\/\/www.europesays.com\/pt\/wp-json\/wp\/v2\/categories?post=67901"},{"taxonomy":"post_tag","embeddable":true,"href":"https:\/\/www.europesays.com\/pt\/wp-json\/wp\/v2\/tags?post=67901"}],"curies":[{"name":"wp","href":"https:\/\/api.w.org\/{rel}","templated":true}]}}