{"id":67999,"date":"2025-09-12T04:12:07","date_gmt":"2025-09-12T04:12:07","guid":{"rendered":"https:\/\/www.europesays.com\/pt\/67999\/"},"modified":"2025-09-12T04:12:07","modified_gmt":"2025-09-12T04:12:07","slug":"ana-paula-siebert-fala-sobre-ter-mais-filhos-com-roberto-justus","status":"publish","type":"post","link":"https:\/\/www.europesays.com\/pt\/67999\/","title":{"rendered":"Ana Paula Siebert fala sobre ter mais filhos com Roberto Justus"},"content":{"rendered":"<p>A influenciadora Ana Paula Siebert revelou planos para o futuro e falou sobre ter mais filhos com o apresentador Roberto Justus<\/p>\n<p><a href=\"https:\/\/caras.com.br\/tags\/ana-paula-siebert\" rel=\"nofollow noopener\" target=\"_blank\"><strong>Ana Paula Siebert<\/strong><\/a> esteve presente na noite da \u00faltima quarta-feira, 11, em Cajamar, na cidade de S\u00e3o Paulo, para prestigiar o marido <a href=\"https:\/\/caras.com.br\/tags\/roberto-justus\" rel=\"nofollow noopener\" target=\"_blank\"><strong>Roberto Justus<\/strong><\/a> na inaugura\u00e7\u00e3o de um novo empreendimento. A influenciadora concedeu uma entrevista ao portal Leo Dias, onde falou um pouco sobre a vida pessoal e os planos de expandir a fam\u00edlia.<\/p>\n<p>M\u00e3e de <strong>Vicky,<\/strong> de 5 anos, a esposa do apresentador adiantou que n\u00e3o pretende ter mais filhos. Segundo ela, a inten\u00e7\u00e3o sempre foi ter apenas uma menina, e como isso aconteceu na primeira tentativa, o casal resolveu \u201cfechar a f\u00e1brica\u201d: &#8220;Nosso relacionamento \u00e9 sempre muiro combinado, tudo certinho. A gente combinou de ter um filho e eu queria muito uma menina. E eu falo que Deus foi muito bom comigo de realizar o meu sonho. T\u00e1 encerrada, por isso que eu quero fechar a f\u00e1brica\u201d.<\/p>\n<p>Filhos de Roberto Justus<\/p>\n<p>Ana ainda concordou com a rep\u00f3rter quando ela brincou sobre a hashtag \u201cRoberto fecha a f\u00e1brica\u201d: \u201cAh, minha hashtag \u00e9, n\u00e9, gente, porque se n\u00e3o for pra ser comigo que n\u00e3o seja com mais ningu\u00e9m\u201d, disse aos risos. A influenciadora ainda brincou com o fato de Justus ter outros quatro filhos, frutos de tr\u00eas relacionamentos diferentes: \u201cSe t\u00e1 encerrado comigo, t\u00e1 encerrado pra sempre, n\u00e3o \u00e9 assim?\u201d, disse em tom de bom-humor.<\/p>\n<p>Roberto Justus \u00e9 pai de <strong>Ricardo Justus<\/strong> (41) e <strong>Fabiana Justus<\/strong> (37), de seu primeiro casamento com <strong>Sacha Chryzman<\/strong>; <strong>Luiza Justus<\/strong> (31), fruto do relacionamento com <strong>Gisela Prochaska; Rafaella Justus<\/strong> (14), com a apresentadora <strong>Ticiane Pinheiro;<\/strong> e a ca\u00e7ula Vicky Justus (5), filha de Ana Paula Siebert.<\/p>\n<p>O empres\u00e1rio e a modelo est\u00e3o casados desde 2015, quando celebraram a uni\u00e3o com uma cerim\u00f4nia luxuosa. Eles se conheceram durante a edi\u00e7\u00e3o especial do reality show O Aprendiz &#8211; O Retorno e iniciaram o relacionamento logo depois. A filhinha Vicky nasceu ap\u00f3s 5 anos de cas\u00f3rio.<\/p>\n<p>Leia tamb\u00e9m: <a href=\"https:\/\/caras.com.br\/atualidades\/ana-paula-siebert-faz-revelacoes-sobre-roberto-justus-e-entrega-mania-dele-desperdicio.phtml\" rel=\"nofollow noopener\" target=\"_blank\">Ana Paula Siebert faz revela\u00e7\u00f5es sobre Roberto Justus e entrega mania dele: &#8216;Desperd\u00edcio&#8217;<\/a><\/p>\n","protected":false},"excerpt":{"rendered":"A influenciadora Ana Paula Siebert revelou planos para o futuro e falou sobre ter mais filhos com o&hellip;\n","protected":false},"author":2,"featured_media":68000,"comment_status":"","ping_status":"","sticky":false,"template":"","format":"standard","meta":{"footnotes":""},"categories":[145],"tags":[9681,211,210,114,115,1870,32,33,9680],"class_list":{"0":"post-67999","1":"post","2":"type-post","3":"status-publish","4":"format-standard","5":"has-post-thumbnail","7":"category-celebridades","8":"tag-ana-paula-siebert","9":"tag-celebridades","10":"tag-celebrities","11":"tag-entertainment","12":"tag-entretenimento","13":"tag-filhos","14":"tag-portugal","15":"tag-pt","16":"tag-roberto-justus"},"share_on_mastodon":{"url":"","error":""},"_links":{"self":[{"href":"https:\/\/www.europesays.com\/pt\/wp-json\/wp\/v2\/posts\/67999","targetHints":{"allow":["GET"]}}],"collection":[{"href":"https:\/\/www.europesays.com\/pt\/wp-json\/wp\/v2\/posts"}],"about":[{"href":"https:\/\/www.europesays.com\/pt\/wp-json\/wp\/v2\/types\/post"}],"author":[{"embeddable":true,"href":"https:\/\/www.europesays.com\/pt\/wp-json\/wp\/v2\/users\/2"}],"replies":[{"embeddable":true,"href":"https:\/\/www.europesays.com\/pt\/wp-json\/wp\/v2\/comments?post=67999"}],"version-history":[{"count":0,"href":"https:\/\/www.europesays.com\/pt\/wp-json\/wp\/v2\/posts\/67999\/revisions"}],"wp:featuredmedia":[{"embeddable":true,"href":"https:\/\/www.europesays.com\/pt\/wp-json\/wp\/v2\/media\/68000"}],"wp:attachment":[{"href":"https:\/\/www.europesays.com\/pt\/wp-json\/wp\/v2\/media?parent=67999"}],"wp:term":[{"taxonomy":"category","embeddable":true,"href":"https:\/\/www.europesays.com\/pt\/wp-json\/wp\/v2\/categories?post=67999"},{"taxonomy":"post_tag","embeddable":true,"href":"https:\/\/www.europesays.com\/pt\/wp-json\/wp\/v2\/tags?post=67999"}],"curies":[{"name":"wp","href":"https:\/\/api.w.org\/{rel}","templated":true}]}}