{"id":68036,"date":"2025-09-12T05:36:11","date_gmt":"2025-09-12T05:36:11","guid":{"rendered":"https:\/\/www.europesays.com\/pt\/68036\/"},"modified":"2025-09-12T05:36:11","modified_gmt":"2025-09-12T05:36:11","slug":"thiago-martins-fala-sobre-ter-sido-abandonado-pelo-pai","status":"publish","type":"post","link":"https:\/\/www.europesays.com\/pt\/68036\/","title":{"rendered":"Thiago Martins fala sobre ter sido abandonado pelo pai"},"content":{"rendered":"<p>\n                        Ator afirmou que enxerga semelhan\u00e7as entre Vasco, seu personagem em &#8216;Vale Tudo&#8217;, e sua vida real\n                    <\/p>\n<p class=\"text\"><b>Thiago Martins<\/b> revelou que aceitou interpretar <b>Vasco<\/b> na nova vers\u00e3o de <b>Vale Tudo<\/b> porque viu semelhan\u00e7as entre a vida do personagem e sua vida pessoal. O ator foi abandonado pelo pai e cresceu apenas com a m\u00e3e.<\/p>\n<p class=\"text\">&#8220;O Vasco \u00e9 um pai que abandonou a m\u00e3e do filho ainda na gesta\u00e7\u00e3o. Lucimar foi m\u00e3e solo. Eu sou fruto disso. Vivi isso na minha pessoal. \u00c9 um tema que precisa ser falado. Achei um assunto importante de ser mostrado ao Brasil&#8221;, disse \u00e0 Quem.<\/p>\n<p class=\"text\">O ator afirmou que cresceu carregando m\u00e1goa de seu pai. Sua m\u00e3e trabalhou como empregada dom\u00e9stica para sustentar ele e o irm\u00e3o.<\/p>\n<p class=\"text\">&#8220;Minha m\u00e3e diz que lembra muito do meu pai quando v\u00ea o Vasco na novela. Ele tinha esse lado bo\u00eamio, boa pra\u00e7a, aquele cara que todo mundo gosta, mas dentro de casa&#8230; Ele n\u00e3o foi um pai presente e abandonou a minha m\u00e3e quando eu era muito pequeno. N\u00e3o esteve no dia a dia e voltou na minha adolesc\u00eancia.&#8221;<\/p>\n<p class=\"text\">O pai de Martins morreu em 2017, e ele revelou que os dois se resolveram antes disso. No entanto, o ator explicou que a rela\u00e7\u00e3o passou por altos e baixos, revelando que o pai sempre o procurava para pedir dinheiro.<\/p>\n<p class=\"text\">&#8220;A gente conversou. Eu j\u00e1 era um homem formado, com uma vida profissional. Zeramos nossas diferen\u00e7as, nos abra\u00e7amos, resolvemos os problemas&#8221;, afirmou.<\/p>\n<p class=\"text\">*Estagi\u00e1ria sob supervis\u00e3o de Charlise Morais<\/p>\n","protected":false},"excerpt":{"rendered":"Ator afirmou que enxerga semelhan\u00e7as entre Vasco, seu personagem em &#8216;Vale Tudo&#8217;, e sua vida real Thiago Martins&hellip;\n","protected":false},"author":2,"featured_media":65205,"comment_status":"","ping_status":"","sticky":false,"template":"","format":"standard","meta":{"footnotes":""},"categories":[145],"tags":[211,210,114,115,32,33,3417],"class_list":{"0":"post-68036","1":"post","2":"type-post","3":"status-publish","4":"format-standard","5":"has-post-thumbnail","7":"category-celebridades","8":"tag-celebridades","9":"tag-celebrities","10":"tag-entertainment","11":"tag-entretenimento","12":"tag-portugal","13":"tag-pt","14":"tag-thiago-martins"},"share_on_mastodon":{"url":"","error":""},"_links":{"self":[{"href":"https:\/\/www.europesays.com\/pt\/wp-json\/wp\/v2\/posts\/68036","targetHints":{"allow":["GET"]}}],"collection":[{"href":"https:\/\/www.europesays.com\/pt\/wp-json\/wp\/v2\/posts"}],"about":[{"href":"https:\/\/www.europesays.com\/pt\/wp-json\/wp\/v2\/types\/post"}],"author":[{"embeddable":true,"href":"https:\/\/www.europesays.com\/pt\/wp-json\/wp\/v2\/users\/2"}],"replies":[{"embeddable":true,"href":"https:\/\/www.europesays.com\/pt\/wp-json\/wp\/v2\/comments?post=68036"}],"version-history":[{"count":0,"href":"https:\/\/www.europesays.com\/pt\/wp-json\/wp\/v2\/posts\/68036\/revisions"}],"wp:featuredmedia":[{"embeddable":true,"href":"https:\/\/www.europesays.com\/pt\/wp-json\/wp\/v2\/media\/65205"}],"wp:attachment":[{"href":"https:\/\/www.europesays.com\/pt\/wp-json\/wp\/v2\/media?parent=68036"}],"wp:term":[{"taxonomy":"category","embeddable":true,"href":"https:\/\/www.europesays.com\/pt\/wp-json\/wp\/v2\/categories?post=68036"},{"taxonomy":"post_tag","embeddable":true,"href":"https:\/\/www.europesays.com\/pt\/wp-json\/wp\/v2\/tags?post=68036"}],"curies":[{"name":"wp","href":"https:\/\/api.w.org\/{rel}","templated":true}]}}