{"id":68122,"date":"2025-09-12T07:58:07","date_gmt":"2025-09-12T07:58:07","guid":{"rendered":"https:\/\/www.europesays.com\/pt\/68122\/"},"modified":"2025-09-12T07:58:07","modified_gmt":"2025-09-12T07:58:07","slug":"whindersson-nunes-lista-apoio-a-carreira-de-luisa-sonza-e-e-criticado-na-web","status":"publish","type":"post","link":"https:\/\/www.europesays.com\/pt\/68122\/","title":{"rendered":"Whindersson Nunes lista apoio \u00e0 carreira de Lu\u00edsa Sonza e \u00e9 criticado na web"},"content":{"rendered":"<p><strong>Whindersson Nunes<\/strong>, 30 anos, gerou revolta entre os internautas ap\u00f3s listar ajuda que ele teria dado \u00e0 carreira de <strong>Luisa Sonza<\/strong>, 27, quando os dois formavam um casal. O humorista e a funkeira come\u00e7aram a se relacionar em 2016, se casaram em 2018 e se separaram dois anos depois.<\/p>\n<p>Usu\u00e1rios das redes sociais reagiram \u00e0s declara\u00e7\u00f5es do humorista, sugerindo que ele estaria \u201cjogando na cara\u201d o apoio que deu \u00e0 artista.<\/p>\n<p><a href=\"https:\/\/istoe.com.br\/assexualidade-e-heteroafetividade-casal-em-vale-tudo-desmistifica-relacao-de-afeto\" target=\"_blank\" rel=\"noopener nofollow\"><strong>+Assexualidade e heteroafetividade: casal em \u2018Vale Tudo\u2019 desmistifica rela\u00e7\u00e3o de afeto<\/strong><\/a><br \/><a href=\"https:\/\/istoe.com.br\/lexa-compartilha-prova-de-vestido-de-casamento-com-ricardo-vianna\" target=\"_blank\" rel=\"noopener nofollow\"><strong>+Lexa compartilha prova de vestido de casamento com Ricardo Vianna<\/strong><\/a><\/p>\n<p>Tudo come\u00e7ou quando um internauta comentou uma publica\u00e7\u00e3o sobre Whindersson ter revelado que reataria com Lu\u00edsa Sonza.<\/p>\n<p>\u201cHomens s\u00e3o tipo: destruo sua vida, te traumatizo por abuso de subst\u00e2ncias il\u00edcitas, deixo o pa\u00eds todo pensar que voc\u00ea me corneou para voc\u00ea sofrer persegui\u00e7\u00e3o, mas eu voltaria com voc\u00ea\u201d, escreveu um usu\u00e1rio do \u201cX\u201d.<\/p>\n<p>O youtuber rebateu as cr\u00edticas listando o que considera ter feito pela artista no in\u00edcio de sua carreira.<\/p>\n<p>\u201cOu homens tamb\u00e9m: \u2018Por que voc\u00ea est\u00e1 estudando direito aqui em Santa Maria\/RS? Voc\u00ea canta muito bem! Que tal a gente gravar uma vers\u00e3o de Love Yourself? D\u00e1 para a gente ir na Xuxa, voc\u00ea fica na plateia e eu chamo voc\u00ea! Acho que voc\u00ea pode ser uma estrela desse pa\u00eds!&#8217;\u201d, respondeu o influenciador.<\/p>\n<p>A resposta n\u00e3o foi bem vista pelos internautas, que apontaram que Nunes estaria se vangloriando do que fez para ajudar a sua ent\u00e3o parceira.<\/p>\n<p>\u201cDica de ouro: nunca, jamais aceite favor de macho. Na menor oportunidade, \u00e9 isso que eles fazem. Parab\u00e9ns pelo livramento, Lu\u00edsa. Um encosto desse ningu\u00e9m merece\u201d, escreveu uma usu\u00e1ria do microblog.<\/p>\n<p>\u201cS\u00e9rio que tu meteu essa?? Voc\u00ea pode f**** com a vida de algu\u00e9m agora, s\u00f3 porque l\u00e1 atr\u00e1s deu oportunidade para a pessoa que voc\u00ea amava???\u201d, questionou mais um internauta.<\/p>\n<p>\u201cComo se isso apagasse o que deixou ela passar. Ou esqueceu que ela cancelou toda agenda de shows para cuidar de ti com depress\u00e3o? Quem faz de cora\u00e7\u00e3o n\u00e3o joga na cara\u201d, repreendeu mais um. \u201cAqui ele est\u00e1 jogando na cara que deu uma carreira a ela [risos]. Maldito seja o dia, inclusive\u201d, disparou outro.<\/p>\n<p>Por outro lado, alguns internautas defenderam o humorista e tentaram explicar um outro ponto da interpreta\u00e7\u00e3o.<\/p>\n<p>\u201cGente, ele n\u00e3o est\u00e1 jogando na cara que deu carreira a ela, mas sim que incentivou ela a cantar e investir na carreira dela. Por**, voc\u00eas levam tudo para o lado da maldade, as pessoas que foram atacar a menina e agora colocam ele como \u2018respons\u00e1vel\u2019 por causa do hater que ela levou, inacredit\u00e1vel\u201d, lamentou um deles.<\/p>\n<blockquote class=\"twitter-tweet\">\n<p dir=\"ltr\" lang=\"pt\">homens s\u00e3o tipo : destruo sua vida, te traumatizo por abuso de subst\u00e2ncias ilicitas, deixo o pa\u00eds todo pensar que vc me corneou pra vc sofrer persegui\u00e7\u00e3o mas eu voltaria com voc\u00ea\ud83e\udd70\ud83e\udd70\ud83e\udd70\ud83e\udd70\ud83e\udd70 <a href=\"https:\/\/t.co\/R7PxvDMvcD\" rel=\"nofollow\">https:\/\/t.co\/R7PxvDMvcD<\/a><\/p>\n<p>\u2014 ultima boa malandra (@mepercoemeacho) <a href=\"https:\/\/twitter.com\/mepercoemeacho\/status\/1965385391382630534?ref_src=twsrc%5Etfw\" target=\"_blank\" rel=\"noopener nofollow\">September 9, 2025<\/a><\/p>\n<\/blockquote>\n<blockquote class=\"twitter-tweet\">\n<p dir=\"ltr\" lang=\"pt\">Dica de ouro:<br \/>NUNCA, JAMAIS aceite \u201cfavor\u201d de macho. Na menor oportunidade, \u00e9 isso que eles fazem.<\/p>\n<p>Parab\u00e9ns pelo livramento, Lu\u00edsa!<br \/>Um encosto desse ningu\u00e9m merece<\/p>\n<p>\u2014 Adri \u1d9c\u02b3\u1da0\u2728\ufe0f (@A_Aaadri) <a href=\"https:\/\/twitter.com\/A_Aaadri\/status\/1965947346967212465?ref_src=twsrc%5Etfw\" target=\"_blank\" rel=\"noopener nofollow\">September 11, 2025<\/a><\/p>\n<\/blockquote>\n<blockquote class=\"twitter-tweet\">\n<p dir=\"ltr\" lang=\"pt\">ele basicamente disse: eu dei uma carreira pra ela, portanto, posso pintar e bordar em cima da imagem dela <a href=\"https:\/\/t.co\/UX2eiN6xHR\" rel=\"nofollow\">https:\/\/t.co\/UX2eiN6xHR<\/a><\/p>\n<p>\u2014 \u2063\ud834\udd76jules (@newhypegrrrl) <a href=\"https:\/\/twitter.com\/newhypegrrrl\/status\/1965931143653634212?ref_src=twsrc%5Etfw\" target=\"_blank\" rel=\"noopener nofollow\">September 11, 2025<\/a><\/p>\n<\/blockquote>\n<p><script async src=\"https:\/\/platform.twitter.com\/widgets.js\" charset=\"utf-8\"><\/script><\/p>\n","protected":false},"excerpt":{"rendered":"Whindersson Nunes, 30 anos, gerou revolta entre os internautas ap\u00f3s listar ajuda que ele teria dado \u00e0 carreira&hellip;\n","protected":false},"author":2,"featured_media":68123,"comment_status":"","ping_status":"","sticky":false,"template":"","format":"standard","meta":{"footnotes":""},"categories":[145],"tags":[211,210,114,115,32,33],"class_list":{"0":"post-68122","1":"post","2":"type-post","3":"status-publish","4":"format-standard","5":"has-post-thumbnail","7":"category-celebridades","8":"tag-celebridades","9":"tag-celebrities","10":"tag-entertainment","11":"tag-entretenimento","12":"tag-portugal","13":"tag-pt"},"share_on_mastodon":{"url":"","error":""},"_links":{"self":[{"href":"https:\/\/www.europesays.com\/pt\/wp-json\/wp\/v2\/posts\/68122","targetHints":{"allow":["GET"]}}],"collection":[{"href":"https:\/\/www.europesays.com\/pt\/wp-json\/wp\/v2\/posts"}],"about":[{"href":"https:\/\/www.europesays.com\/pt\/wp-json\/wp\/v2\/types\/post"}],"author":[{"embeddable":true,"href":"https:\/\/www.europesays.com\/pt\/wp-json\/wp\/v2\/users\/2"}],"replies":[{"embeddable":true,"href":"https:\/\/www.europesays.com\/pt\/wp-json\/wp\/v2\/comments?post=68122"}],"version-history":[{"count":0,"href":"https:\/\/www.europesays.com\/pt\/wp-json\/wp\/v2\/posts\/68122\/revisions"}],"wp:featuredmedia":[{"embeddable":true,"href":"https:\/\/www.europesays.com\/pt\/wp-json\/wp\/v2\/media\/68123"}],"wp:attachment":[{"href":"https:\/\/www.europesays.com\/pt\/wp-json\/wp\/v2\/media?parent=68122"}],"wp:term":[{"taxonomy":"category","embeddable":true,"href":"https:\/\/www.europesays.com\/pt\/wp-json\/wp\/v2\/categories?post=68122"},{"taxonomy":"post_tag","embeddable":true,"href":"https:\/\/www.europesays.com\/pt\/wp-json\/wp\/v2\/tags?post=68122"}],"curies":[{"name":"wp","href":"https:\/\/api.w.org\/{rel}","templated":true}]}}