{"id":68177,"date":"2025-09-12T09:18:13","date_gmt":"2025-09-12T09:18:13","guid":{"rendered":"https:\/\/www.europesays.com\/pt\/68177\/"},"modified":"2025-09-12T09:18:13","modified_gmt":"2025-09-12T09:18:13","slug":"elevador-da-gloria-escolha-de-cabo-com-nucleo-de-corda-de-plastico-na-origem-do-acidente-expresso-2","status":"publish","type":"post","link":"https:\/\/www.europesays.com\/pt\/68177\/","title":{"rendered":"Elevador da Gl\u00f3ria: escolha de cabo com &quot;n\u00facleo de corda de pl\u00e1stico&quot; na origem do acidente &#8211; Expresso"},"content":{"rendered":"<ol>\n<li><a href=\"https:\/\/news.google.com\/rss\/articles\/CBMi1AFBVV95cUxObVZ4MXlBY0tOdEdmRVNEU3NzYVdDeDhGUlBGTFpHY0I3TlFEMG9Ucm9IWTNwdDExdHlJNkM1cHdSa0RFMTVWMUJvUVhDaGFjU0hGcThZVUhhSjRybm5yTkNOUXNkQUdkMDVxMklqQ0JZaXo3alZ4YlRDQkR3T29IUWJQUTRzdnpRcUpDRjFXTXRTd1JMdEFDQ1pDVGhBVHZVSm5qMmFhRjRpdkdheGZqOFZheUJxYmNUZnlhNTVMWDJnbzVTWkFCVGQ5Z3dLR1hBX3dtWQ?oc=5\" target=\"_blank\" rel=\"nofollow noopener\">Elevador da Gl\u00f3ria: escolha de cabo com &#8220;n\u00facleo de corda de pl\u00e1stico&#8221; na origem do acidente<\/a>&nbsp;&nbsp;Expresso<\/li>\n<li><a href=\"https:\/\/news.google.com\/rss\/articles\/CBMijwFBVV95cUxNa2ZVcjVGZ2U3R0ppdnJ1YmQya1l2c3pLTHdTd0dVcFRHZU1PV2hmRXJfZy1xUW55VmFiakVLenFDVTlGNDY3a2FSN0VkUTUxXy05TUluQThRZlktYzJubkNLdTNNQkZseDQ4T1JibFEzcGVtaUJOWGF2YUNTOVo5cHJZUUNTLVZmQzMzOUt5NA?oc=5\" target=\"_blank\" rel=\"nofollow noopener\">Cal\u00e7ada da Gl\u00f3ria reaberta<\/a>&nbsp;&nbsp;R7<\/li>\n<li><a href=\"https:\/\/news.google.com\/rss\/articles\/CBMi8wFBVV95cUxQV2UxTkdVWXVWOVpNUndHT0FYb2VWV0Y2M0lCbG55UktVNHdkMnktX1ZReDNKZTdCaW1WaV9HcGtzTnJ3V2JYU21vNjNDWTR5SGtNcG0tRy0xVjdSaEpuaDdpTXdLZ1dud3k1VFZreDA5NC1LOUpyS29EM0xwMHNDZVdYN253TDZFem5nRHhQeVc1bmlKMFJCWEUwa2FPaVBSa3RNMk1UWENHellmVVhSSW9ucFFrQkhSNUZyUUczMDFMZmE0TldfSjBUdkNaXzI1ckpmZGZPcWRjY0hNYzYtMHh0TldlVDRUUW9nSkVfOG4wTU3SAfgBQVVfeXFMTXltU3lmRUlTMGotYWFHWnp6UXlmV3VTZEdacVRsY21oQ24zZlZGckczdm82RDZseE5GUWc4dVFndldiLUh6ZHh6b0VjVXV3ejdQYWdkYjhjajQ5QnFGcFNOa2pRb0lESUNWUjNZUk1iN1NzeWFjSnJEMlN2RDVyTUkxektZZTZYN2ZxMTVlRU9RMlU4R2liSGw0ZHctcVlTVDVtUzFtME9xYVhhUDNXaHc2Z09TTDRHNU55STN5ZkZPZ01PTUcxYWFhOVF1dG5SMHBvUVhpX045YVRfV2VLN3N0OWNua3JPeFpfNVgzWEROY1dyWENlNWQ?oc=5\" target=\"_blank\" rel=\"nofollow noopener\">&#8216;N\u00e3o h\u00e1 acidente aqui; s\u00e3o prioridades, s\u00e3o escolhas&#8217;, diz brasileiro sobrevivente de bondinho que descarrilhou em Lisboa<\/a>&nbsp;&nbsp;Folha de S.Paulo<\/li>\n<li><a href=\"https:\/\/news.google.com\/rss\/articles\/CBMizwFBVV95cUxOOTdiV2Vwa1EySWpNX3MyOW5pU20yclVqaXV6bnZDVnNpZUJRTW9ONWIxWUJRNGhWMWktZnBnOGhWOFZkcldCS0tmZ01SM25OYzFISE1ST21TZ3FrYzByaWd5SE1yMEEza3RHQ1RtQ0hzX21XTi0tVk12b01tbE42TkNySk9iV3ZacDFMdmVBOFFwY2NNZkJULXh2S1lrTnl6aDJlVVg2aWl1ZzF1cmRDVkFrZURwc1pta19NXzlUa29EbERZRk92MG5DUXBjb2_SAd4BQVVfeXFMTkljTm9Dcmxid21WbEVxRURNTHYzTmJrTEpxNVM1cnZwWHE5YXQ1Zm0xdUxHRkpOTXdQMkJCeVBKdU94UUN2ekZWWXhGcmdGRGk2YV8xNWRrTWdfQjREZXJ3Qi1tMHdsd25CMFZfdGFDbnN3YXB0cUlQc2dnUnJuajhJZXo2aEZzUEVyNm1tR2FOclIwajBpSjVKcVVEYWo2bXVrSS1pT1k4UlFKR3ZqeS1kZTVDaUhWQ0NBZHgtaUczak9HSDRySkNrdEF4V1RaTExneTY1R0xGZnZ2eHhn?oc=5\" target=\"_blank\" rel=\"nofollow noopener\">&#8216;Pensei que ia ser esmagado&#8217;, diz brasileiro sobrevivente de trag\u00e9dia de bondinho em Lisboa<\/a>&nbsp;&nbsp;G1<\/li>\n<li><a href=\"https:\/\/news.google.com\/rss\/articles\/CBMiwwFBVV95cUxNb1hhbzlab1JUOTVPTWxsVHRMdHZVaHltRWJOc1VmMkljckwwbEQ2XzY3TnFKZFNQWktLanBHWmM2aHRmRFlCMm01NkdOcDZNUmozWmREbFJlY0dRbXVSMW1QSzZTM2dhdnNaRlBOQzFEMVJTbTN0MXhWeURWdEFkUzlwcGYwbGpaUllkMWk3Vnd0M3pTc1oxSWx4MFloQ1djQWZyQkg3YVo1ejdHelkxbmtLb2ZKMU1oMWV4eXZvcWVWTTQ?oc=5\" target=\"_blank\" rel=\"nofollow noopener\">1h Mudan\u00e7a em cabo pode ser raz\u00e3o do acidente do Elevador da Gl\u00f3ria<\/a>&nbsp;&nbsp;RTP<\/li>\n<\/ol>\n","protected":false},"excerpt":{"rendered":"Elevador da Gl\u00f3ria: escolha de cabo com &#8220;n\u00facleo de corda de pl\u00e1stico&#8221; na origem do acidente&nbsp;&nbsp;Expresso Cal\u00e7ada da&hellip;\n","protected":false},"author":2,"featured_media":67859,"comment_status":"","ping_status":"","sticky":false,"template":"","format":"standard","meta":{"footnotes":""},"categories":[10],"tags":[27,28,15,16,14,25,26,21,22,12,13,19,20,32,23,24,33,17,18,29,30,31],"class_list":{"0":"post-68177","1":"post","2":"type-post","3":"status-publish","4":"format-standard","5":"has-post-thumbnail","7":"category-portugal","8":"tag-breaking-news","9":"tag-breakingnews","10":"tag-featured-news","11":"tag-featurednews","12":"tag-headlines","13":"tag-latest-news","14":"tag-latestnews","15":"tag-main-news","16":"tag-mainnews","17":"tag-news","18":"tag-noticias","19":"tag-noticias-principais","20":"tag-noticiasprincipais","21":"tag-portugal","22":"tag-principais-noticias","23":"tag-principaisnoticias","24":"tag-pt","25":"tag-top-stories","26":"tag-topstories","27":"tag-ultimas","28":"tag-ultimas-noticias","29":"tag-ultimasnoticias"},"share_on_mastodon":{"url":"","error":""},"_links":{"self":[{"href":"https:\/\/www.europesays.com\/pt\/wp-json\/wp\/v2\/posts\/68177","targetHints":{"allow":["GET"]}}],"collection":[{"href":"https:\/\/www.europesays.com\/pt\/wp-json\/wp\/v2\/posts"}],"about":[{"href":"https:\/\/www.europesays.com\/pt\/wp-json\/wp\/v2\/types\/post"}],"author":[{"embeddable":true,"href":"https:\/\/www.europesays.com\/pt\/wp-json\/wp\/v2\/users\/2"}],"replies":[{"embeddable":true,"href":"https:\/\/www.europesays.com\/pt\/wp-json\/wp\/v2\/comments?post=68177"}],"version-history":[{"count":0,"href":"https:\/\/www.europesays.com\/pt\/wp-json\/wp\/v2\/posts\/68177\/revisions"}],"wp:featuredmedia":[{"embeddable":true,"href":"https:\/\/www.europesays.com\/pt\/wp-json\/wp\/v2\/media\/67859"}],"wp:attachment":[{"href":"https:\/\/www.europesays.com\/pt\/wp-json\/wp\/v2\/media?parent=68177"}],"wp:term":[{"taxonomy":"category","embeddable":true,"href":"https:\/\/www.europesays.com\/pt\/wp-json\/wp\/v2\/categories?post=68177"},{"taxonomy":"post_tag","embeddable":true,"href":"https:\/\/www.europesays.com\/pt\/wp-json\/wp\/v2\/tags?post=68177"}],"curies":[{"name":"wp","href":"https:\/\/api.w.org\/{rel}","templated":true}]}}