{"id":68201,"date":"2025-09-12T09:40:10","date_gmt":"2025-09-12T09:40:10","guid":{"rendered":"https:\/\/www.europesays.com\/pt\/68201\/"},"modified":"2025-09-12T09:40:10","modified_gmt":"2025-09-12T09:40:10","slug":"a-revolucao-segundo-farioli-fc-porto","status":"publish","type":"post","link":"https:\/\/www.europesays.com\/pt\/68201\/","title":{"rendered":"A revolu\u00e7\u00e3o segundo Farioli &#8211; FC Porto"},"content":{"rendered":"<p>                    05:33<\/p>\n<p>Menos a\u00e7\u00f5es, mas melhor aproveitamento. \u00c9 assim o novo FC Porto, que erra pouco e \u00e9 mais assertivo<\/p>\n<p class=\"\">&#13;<br \/>\n        Dois meses de trabalho foram suficientes para Francesco Farioli revolucionar por completo o futebol de um FC Porto que, na temporada passada, esteve longe de encantar. O italiano chegou, viu e venceu (e convenceu), somando quatro vit\u00f3rias em outros tantos jogos oficiais realizados. Ainda h\u00e1 muita estrada para andar, \u00e9 verdade, mas j\u00e1 \u00e9 certo que a cara desta equipa \u00e9 bem distinta da que foi orientada por V\u00edtor Bruno, primeiro, e Mart\u00edn Anselmi, depois, em 2024\/25.\u00a0&#13;\n    <\/p>\n<p>                        Para ler TODOS OS ARTIGOS RECORD PREMIUM durante o dia 12.09.2025 insira o seu n\u00famero de telem\u00f3vel e clique em OK<\/p>\n<p>Consulte a aplica\u00e7\u00e3o MBway no seu telem\u00f3vel e aceite a transa\u00e7\u00e3o&#13;\n                    <\/p>\n<p>                        Os seus dados n\u00e3o ser\u00e3o guardados pelo Record<\/p>\n<p>                    Por Jos\u00e9 Miguel Machado<\/p>\n","protected":false},"excerpt":{"rendered":"05:33 Menos a\u00e7\u00f5es, mas melhor aproveitamento. \u00c9 assim o novo FC Porto, que erra pouco e \u00e9 mais&hellip;\n","protected":false},"author":2,"featured_media":68202,"comment_status":"","ping_status":"","sticky":false,"template":"","format":"standard","meta":{"footnotes":""},"categories":[87],"tags":[135,32,33,134],"class_list":{"0":"post-68201","1":"post","2":"type-post","3":"status-publish","4":"format-standard","5":"has-post-thumbnail","7":"category-desporto","8":"tag-desporto","9":"tag-portugal","10":"tag-pt","11":"tag-sports"},"share_on_mastodon":{"url":"","error":""},"_links":{"self":[{"href":"https:\/\/www.europesays.com\/pt\/wp-json\/wp\/v2\/posts\/68201","targetHints":{"allow":["GET"]}}],"collection":[{"href":"https:\/\/www.europesays.com\/pt\/wp-json\/wp\/v2\/posts"}],"about":[{"href":"https:\/\/www.europesays.com\/pt\/wp-json\/wp\/v2\/types\/post"}],"author":[{"embeddable":true,"href":"https:\/\/www.europesays.com\/pt\/wp-json\/wp\/v2\/users\/2"}],"replies":[{"embeddable":true,"href":"https:\/\/www.europesays.com\/pt\/wp-json\/wp\/v2\/comments?post=68201"}],"version-history":[{"count":0,"href":"https:\/\/www.europesays.com\/pt\/wp-json\/wp\/v2\/posts\/68201\/revisions"}],"wp:featuredmedia":[{"embeddable":true,"href":"https:\/\/www.europesays.com\/pt\/wp-json\/wp\/v2\/media\/68202"}],"wp:attachment":[{"href":"https:\/\/www.europesays.com\/pt\/wp-json\/wp\/v2\/media?parent=68201"}],"wp:term":[{"taxonomy":"category","embeddable":true,"href":"https:\/\/www.europesays.com\/pt\/wp-json\/wp\/v2\/categories?post=68201"},{"taxonomy":"post_tag","embeddable":true,"href":"https:\/\/www.europesays.com\/pt\/wp-json\/wp\/v2\/tags?post=68201"}],"curies":[{"name":"wp","href":"https:\/\/api.w.org\/{rel}","templated":true}]}}