{"id":68224,"date":"2025-09-12T10:09:15","date_gmt":"2025-09-12T10:09:15","guid":{"rendered":"https:\/\/www.europesays.com\/pt\/68224\/"},"modified":"2025-09-12T10:09:15","modified_gmt":"2025-09-12T10:09:15","slug":"fungo-resistente-a-medicamentos-com-propagacao-rapida-nos-hospitais-europeus-saude","status":"publish","type":"post","link":"https:\/\/www.europesays.com\/pt\/68224\/","title":{"rendered":"Fungo resistente a medicamentos com propaga\u00e7\u00e3o r\u00e1pida nos hospitais europeus | Sa\u00fade"},"content":{"rendered":"<p>O Centro Europeu de Preven\u00e7\u00e3o e Controlo das Doen\u00e7as (ECDC, na sigla em ingl\u00eas) alertou esta quinta-feira para a r\u00e1pida propaga\u00e7\u00e3o nos hospitais do fungo resistente a medicamentos Candidozyma auris (conhecia anteriormente como Candida auris) e pediu que sejam tomadas medidas para travar a sua dissemina\u00e7\u00e3o. Em comunicado, o ECDC indica que, entre 2013 e 2023, foram registados mais de 4000 casos nos pa\u00edses da Uni\u00e3o Europeia (nestas contas incluem-se ainda Isl\u00e2ndia, Liechtenstein e Noruega), destacando \u201cum salto significativo\u201d em 2023, ano em que foram registados 1346 casos em 18 pa\u00edses.<\/p>\n<p>Assim, o <a href=\"https:\/\/www.publico.pt\/2024\/11\/18\/ciencia\/noticia\/europa-continua-rota-reduzir-resistencia-antibioticos-2112018\" rel=\"nofollow noopener\" target=\"_blank\">organismo europeu<\/a> salienta \u201ca import\u00e2ncia da detec\u00e7\u00e3o precoce e do controlo da transmiss\u00e3o para evitar a dissemina\u00e7\u00e3o r\u00e1pida e generalizada\u201d do Candidozyma auris. De acordo com o inqu\u00e9rito de 2024 da ag\u00eancia da Uni\u00e3o Europeia para identificar as amea\u00e7as para a sa\u00fade devido a doen\u00e7as, \u201co n\u00famero de casos est\u00e1 a aumentar, os surtos est\u00e3o a crescer em escala e v\u00e1rios pa\u00edses d\u00e3o conta de uma transmiss\u00e3o local cont\u00ednua\u201d. Este \u00faltimo estudo do centro sobre o fungo assinala tamb\u00e9m \u201clacunas na vigil\u00e2ncia e na prepara\u00e7\u00e3o para o controlo de infec\u00e7\u00f5es\u201d.<\/p>\n<p>Propagando-se geralmente em instala\u00e7\u00f5es de sa\u00fade, o Candidozyma auris \u00e9 \u201cfrequentemente resistente a <a href=\"https:\/\/www.publico.pt\/2025\/07\/07\/ciencia\/noticia\/ninguem-liga-minho-trabalhase-vacina-candidiase-2138531\" rel=\"nofollow noopener\" target=\"_blank\">medicamentos antif\u00fangicos<\/a> e pode causar infec\u00e7\u00f5es graves em doentes cr\u00edticos\u201d, sendo o seu controlo bastante dif\u00edcil devido \u00e0 \u201ccapacidade de persistir em diferentes superf\u00edcies e equipamentos m\u00e9dicos e de se espalhar entre doentes\u201d. Representa assim \u201cuma s\u00e9ria amea\u00e7a para os doentes e para os sistemas de sa\u00fade\u201d, sublinha o ECDC.<\/p>\n<p>        &#13;<\/p>\n<p>&#13;<br \/>\n                &#13;\n            <\/p>\n<p>&#13;<\/p>\n<p>\u201cO <a href=\"https:\/\/www.publico.pt\/2025\/04\/01\/ciencia\/noticia\/aumentam-infeccoes-fungicas-continuam-faltar-novos-medicamentos-atacar-2128118\" rel=\"nofollow noopener\" target=\"_blank\">Candidozyma auris<\/a> espalhou-se em apenas alguns anos \u2013 desde casos isolados at\u00e9 se generalizar em alguns pa\u00edses. Isto mostra a rapidez com que se pode estabelecer nos hospitais\u201d, refere Diamantis Plachouras, chefe da equipa de Resist\u00eancia Antimicrobiana e Infec\u00e7\u00f5es associadas aos cuidados de sa\u00fade do ECDC, citado no comunicado.<\/p>\n<p>\u201cMas isso n\u00e3o \u00e9 inevit\u00e1vel\u201d, acrescentou, assinalando que \u201ca detec\u00e7\u00e3o precoce e o controlo r\u00e1pido e coordenado da infec\u00e7\u00e3o podem ainda prevenir novas transmiss\u00f5es\u201d.<\/p>\n<p>        &#13;<\/p>\n<p>&#13;<br \/>\n                &#13;\n            <\/p>\n<p>&#13;<\/p>\n<p>Espanha, Gr\u00e9cia, It\u00e1lia, Rom\u00e9nia e Alemanha foram os pa\u00edses com a maioria dos casos ao longo da d\u00e9cada em an\u00e1lise, tendo sido registados \u201csurtos recentes no Chipre, Fran\u00e7a e Alemanha, enquanto a Gr\u00e9cia, It\u00e1lia, Rom\u00e9nia e Espanha indicaram que j\u00e1 n\u00e3o conseguem distinguir surtos espec\u00edficos devido \u00e0 ampla dissemina\u00e7\u00e3o regional ou nacional\u201d.<\/p>\n<p>\u201cEm v\u00e1rios destes pa\u00edses, a transmiss\u00e3o local sustentada ocorreu apenas alguns anos ap\u00f3s o primeiro caso documentado\u201d, segundo o ECDC, que considera existir um \u201cper\u00edodo decisivo para interven\u00e7\u00f5es precoces de forma a travar a propaga\u00e7\u00e3o\u201d do fungo.<\/p>\n<p>        &#13;<\/p>\n<p>&#13;<br \/>\n                &#13;\n            <\/p>\n<p>&#13;<\/p>\n<p>O organismo europeu refere que alguns pa\u00edses demonstraram \u201cresultados positivos na limita\u00e7\u00e3o de surtos de Candidozyma auris\u201d\u200b, chamando a aten\u00e7\u00e3o para a exist\u00eancia de \u201clacunas importantes\u201d em muitos outros. \u201cApesar do aumento do n\u00famero de casos, apenas 17 dos 36 pa\u00edses participantes possuem actualmente um sistema nacional de vigil\u00e2ncia para o Candidozyma auris\u201d\u200b e \u201capenas 15 desenvolveram orienta\u00e7\u00f5es nacionais espec\u00edficas para a preven\u00e7\u00e3o e <a href=\"https:\/\/www.publico.pt\/2023\/11\/05\/ciencia\/noticia\/fungos-passam-despercebidos-casa-corpo-paga-2068943\" rel=\"nofollow noopener\" target=\"_blank\">controlo de infec\u00e7\u00f5es<\/a>\u201d. Alerta ainda que o facto de n\u00e3o existir \u201cvigil\u00e2ncia sistem\u00e1tica e notifica\u00e7\u00e3o obrigat\u00f3ria\u201d significa que podem existir mais casos n\u00e3o divulgados.<\/p>\n<p>No per\u00edodo entre 2013 e 2023, Portugal registou apenas quatro casos de Candidozyma auris em 2023, enquanto a Espanha e a Gr\u00e9cia divulgaram 1807 e 852, respectivamente.<\/p>\n","protected":false},"excerpt":{"rendered":"O Centro Europeu de Preven\u00e7\u00e3o e Controlo das Doen\u00e7as (ECDC, na sigla em ingl\u00eas) alertou esta quinta-feira para&hellip;\n","protected":false},"author":2,"featured_media":68225,"comment_status":"","ping_status":"","sticky":false,"template":"","format":"standard","meta":{"footnotes":""},"categories":[50],"tags":[10045,27,28,109,529,15,16,11727,14,2648,25,26,21,22,3083,62,12,13,19,20,23,24,117,17,18,29,30,31,63,64,65],"class_list":{"0":"post-68224","1":"post","2":"type-post","3":"status-publish","4":"format-standard","5":"has-post-thumbnail","7":"category-mundo","8":"tag-antibioticos","9":"tag-breaking-news","10":"tag-breakingnews","11":"tag-ciencia","12":"tag-doencas","13":"tag-featured-news","14":"tag-featurednews","15":"tag-fungos","16":"tag-headlines","17":"tag-hospitais","18":"tag-latest-news","19":"tag-latestnews","20":"tag-main-news","21":"tag-mainnews","22":"tag-medicamentos","23":"tag-mundo","24":"tag-news","25":"tag-noticias","26":"tag-noticias-principais","27":"tag-noticiasprincipais","28":"tag-principais-noticias","29":"tag-principaisnoticias","30":"tag-saude","31":"tag-top-stories","32":"tag-topstories","33":"tag-ultimas","34":"tag-ultimas-noticias","35":"tag-ultimasnoticias","36":"tag-world","37":"tag-world-news","38":"tag-worldnews"},"share_on_mastodon":{"url":"","error":""},"_links":{"self":[{"href":"https:\/\/www.europesays.com\/pt\/wp-json\/wp\/v2\/posts\/68224","targetHints":{"allow":["GET"]}}],"collection":[{"href":"https:\/\/www.europesays.com\/pt\/wp-json\/wp\/v2\/posts"}],"about":[{"href":"https:\/\/www.europesays.com\/pt\/wp-json\/wp\/v2\/types\/post"}],"author":[{"embeddable":true,"href":"https:\/\/www.europesays.com\/pt\/wp-json\/wp\/v2\/users\/2"}],"replies":[{"embeddable":true,"href":"https:\/\/www.europesays.com\/pt\/wp-json\/wp\/v2\/comments?post=68224"}],"version-history":[{"count":0,"href":"https:\/\/www.europesays.com\/pt\/wp-json\/wp\/v2\/posts\/68224\/revisions"}],"wp:featuredmedia":[{"embeddable":true,"href":"https:\/\/www.europesays.com\/pt\/wp-json\/wp\/v2\/media\/68225"}],"wp:attachment":[{"href":"https:\/\/www.europesays.com\/pt\/wp-json\/wp\/v2\/media?parent=68224"}],"wp:term":[{"taxonomy":"category","embeddable":true,"href":"https:\/\/www.europesays.com\/pt\/wp-json\/wp\/v2\/categories?post=68224"},{"taxonomy":"post_tag","embeddable":true,"href":"https:\/\/www.europesays.com\/pt\/wp-json\/wp\/v2\/tags?post=68224"}],"curies":[{"name":"wp","href":"https:\/\/api.w.org\/{rel}","templated":true}]}}