{"id":68325,"date":"2025-09-12T11:45:08","date_gmt":"2025-09-12T11:45:08","guid":{"rendered":"https:\/\/www.europesays.com\/pt\/68325\/"},"modified":"2025-09-12T11:45:08","modified_gmt":"2025-09-12T11:45:08","slug":"principe-harry-da-alfinetada-sutil-na-familia-real-logo-depois-de-encontrar-charles-seu-pai-pela-primeira-vez-em-quase-2-anos-celebridades","status":"publish","type":"post","link":"https:\/\/www.europesays.com\/pt\/68325\/","title":{"rendered":"Pr\u00edncipe Harry d\u00e1 alfinetada sutil na Fam\u00edlia Real logo depois de encontrar Charles, seu pai, pela primeira vez em quase 2 anos | Celebridades"},"content":{"rendered":"\n<p class=\" content-text__container \" data-track-category=\"Link no Texto\" data-track-links=\"\"> A declara\u00e7\u00e3o de Harry ocorreu no dia seguinte ao primeiro encontro dele com o pai ap\u00f3s um intervalo de quase dois anos. O pr\u00edncipe e a esposa, a atriz e Duquesa Meghan Markle, renunciaram \u00e0s suas fun\u00e7\u00f5es na Fam\u00edlia Real Brit\u00e2nica em janeiro de 2020. Eles vivem atualmente nos Estados Unidos, na cidade californiana de Montecito, com os filhos Archie (6 anos) e Lilibet (3 anos). <\/p>\n","protected":false},"excerpt":{"rendered":"A declara\u00e7\u00e3o de Harry ocorreu no dia seguinte ao primeiro encontro dele com o pai ap\u00f3s um intervalo&hellip;\n","protected":false},"author":2,"featured_media":68326,"comment_status":"","ping_status":"","sticky":false,"template":"","format":"standard","meta":{"footnotes":""},"categories":[145],"tags":[211,210,114,115,32,33],"class_list":{"0":"post-68325","1":"post","2":"type-post","3":"status-publish","4":"format-standard","5":"has-post-thumbnail","7":"category-celebridades","8":"tag-celebridades","9":"tag-celebrities","10":"tag-entertainment","11":"tag-entretenimento","12":"tag-portugal","13":"tag-pt"},"share_on_mastodon":{"url":"","error":""},"_links":{"self":[{"href":"https:\/\/www.europesays.com\/pt\/wp-json\/wp\/v2\/posts\/68325","targetHints":{"allow":["GET"]}}],"collection":[{"href":"https:\/\/www.europesays.com\/pt\/wp-json\/wp\/v2\/posts"}],"about":[{"href":"https:\/\/www.europesays.com\/pt\/wp-json\/wp\/v2\/types\/post"}],"author":[{"embeddable":true,"href":"https:\/\/www.europesays.com\/pt\/wp-json\/wp\/v2\/users\/2"}],"replies":[{"embeddable":true,"href":"https:\/\/www.europesays.com\/pt\/wp-json\/wp\/v2\/comments?post=68325"}],"version-history":[{"count":0,"href":"https:\/\/www.europesays.com\/pt\/wp-json\/wp\/v2\/posts\/68325\/revisions"}],"wp:featuredmedia":[{"embeddable":true,"href":"https:\/\/www.europesays.com\/pt\/wp-json\/wp\/v2\/media\/68326"}],"wp:attachment":[{"href":"https:\/\/www.europesays.com\/pt\/wp-json\/wp\/v2\/media?parent=68325"}],"wp:term":[{"taxonomy":"category","embeddable":true,"href":"https:\/\/www.europesays.com\/pt\/wp-json\/wp\/v2\/categories?post=68325"},{"taxonomy":"post_tag","embeddable":true,"href":"https:\/\/www.europesays.com\/pt\/wp-json\/wp\/v2\/tags?post=68325"}],"curies":[{"name":"wp","href":"https:\/\/api.w.org\/{rel}","templated":true}]}}