{"id":68443,"date":"2025-09-12T13:37:12","date_gmt":"2025-09-12T13:37:12","guid":{"rendered":"https:\/\/www.europesays.com\/pt\/68443\/"},"modified":"2025-09-12T13:37:12","modified_gmt":"2025-09-12T13:37:12","slug":"vem-ai-em-a-fazenda-eduardo-tem-um-novo-amor-novelas","status":"publish","type":"post","link":"https:\/\/www.europesays.com\/pt\/68443\/","title":{"rendered":"Vem a\u00ed em \u00abA Fazenda\u00bb: Eduardo tem um novo amor &#8211; Novelas"},"content":{"rendered":"<p>Em \u00abA Fazenda\u00bb, <a href=\"https:\/\/tvi.iol.pt\/novelas\/videos\/eduardo-ouve-conversa-comprometedora-entre-alba-e-miro\/6777f46d0cf28c51602e4f3d\" rel=\"nofollow noopener\" target=\"_blank\">Eduardo (Diogo Amaral)<\/a>\u00a0almo\u00e7a com Sofia (Marta Melro), sorrindo com a leveza dela. Sofia diz insinuante a Eduardo estar ao seu dispor para o que for preciso. Eduardo levanta-se subitamente brusco.<\/p>\n<p>Eduardo alerta Sofia que n\u00e3o est\u00e1 pronto para mergulhar numa rela\u00e7\u00e3o depois das desilus\u00f5es que sofreu. Sofia sossega-o a dizer que tamb\u00e9m sabe o que \u00e9 ser tra\u00edda, gostando dele por ser algu\u00e9m t\u00e3o sincero. Sofia avan\u00e7a e beija Eduardo, que corresponde.<\/p>\n<p>De relembrar que o romance de Eduardo e Mafalda chegou ao fim:<\/p>\n","protected":false},"excerpt":{"rendered":"Em \u00abA Fazenda\u00bb, Eduardo (Diogo Amaral)\u00a0almo\u00e7a com Sofia (Marta Melro), sorrindo com a leveza dela. Sofia diz insinuante&hellip;\n","protected":false},"author":2,"featured_media":68444,"comment_status":"","ping_status":"","sticky":false,"template":"","format":"standard","meta":{"footnotes":"","_share_on_mastodon":"0"},"categories":[142],"tags":[657,160,166,2663,2666,114,115,157,167,164,18577,161,158,165,159,32,33,156,5284,163,151,162],"class_list":["post-68443","post","type-post","status-publish","format-standard","has-post-thumbnail","category-tv","tag-a-fazenda","tag-ana-guiomar","tag-cristina-ferreira","tag-diogo-amaral","tag-eduardo","tag-entertainment","tag-entretenimento","tag-festa-e-festa","tag-ficcao","tag-jose-fidalgo","tag-marta-melro","tag-novelas","tag-para-sempre","tag-pedro-sousa","tag-pedro-teixeira","tag-portugal","tag-pt","tag-queridos-papas","tag-sofia","tag-tiago-teotonio-pereira","tag-tv","tag-tvi"],"share_on_mastodon":{"url":"","error":""},"_links":{"self":[{"href":"https:\/\/www.europesays.com\/pt\/wp-json\/wp\/v2\/posts\/68443","targetHints":{"allow":["GET"]}}],"collection":[{"href":"https:\/\/www.europesays.com\/pt\/wp-json\/wp\/v2\/posts"}],"about":[{"href":"https:\/\/www.europesays.com\/pt\/wp-json\/wp\/v2\/types\/post"}],"author":[{"embeddable":true,"href":"https:\/\/www.europesays.com\/pt\/wp-json\/wp\/v2\/users\/2"}],"replies":[{"embeddable":true,"href":"https:\/\/www.europesays.com\/pt\/wp-json\/wp\/v2\/comments?post=68443"}],"version-history":[{"count":0,"href":"https:\/\/www.europesays.com\/pt\/wp-json\/wp\/v2\/posts\/68443\/revisions"}],"wp:featuredmedia":[{"embeddable":true,"href":"https:\/\/www.europesays.com\/pt\/wp-json\/wp\/v2\/media\/68444"}],"wp:attachment":[{"href":"https:\/\/www.europesays.com\/pt\/wp-json\/wp\/v2\/media?parent=68443"}],"wp:term":[{"taxonomy":"category","embeddable":true,"href":"https:\/\/www.europesays.com\/pt\/wp-json\/wp\/v2\/categories?post=68443"},{"taxonomy":"post_tag","embeddable":true,"href":"https:\/\/www.europesays.com\/pt\/wp-json\/wp\/v2\/tags?post=68443"}],"curies":[{"name":"wp","href":"https:\/\/api.w.org\/{rel}","templated":true}]}}