{"id":68605,"date":"2025-09-12T15:45:08","date_gmt":"2025-09-12T15:45:08","guid":{"rendered":"https:\/\/www.europesays.com\/pt\/68605\/"},"modified":"2025-09-12T15:45:08","modified_gmt":"2025-09-12T15:45:08","slug":"samba-de-setimo-dia-e-destaque-no-autores-e-livros-radio-senado","status":"publish","type":"post","link":"https:\/\/www.europesays.com\/pt\/68605\/","title":{"rendered":"\u201cSamba de S\u00e9timo Dia\u201d \u00e9 destaque no Autores e Livros \u2014 R\u00e1dio Senado"},"content":{"rendered":"<p style=\"text-align: justify; white-space: pre-wrap;\">O Autores e Livros desta semana abre espa\u00e7o para uma obra que mistura ritmo, oralidade e a for\u00e7a da literatura perif\u00e9rica: Samba de S\u00e9timo Dia, do escritor Anderson Estevan. Publicado pela Editoria em parceria com a Ria Livraria, o livro re\u00fane 11 contos que transitam entre o real e o fant\u00e1stico, trazendo personagens improv\u00e1veis, mas familiares, que fazem da quebrada um cen\u00e1rio pulsante de poesia, ancestralidade e resist\u00eancia.<\/p>\n<p>No programa, Anderson Estevan fala sobre como sua escrita dialoga com a tradi\u00e7\u00e3o oral, o samba, o cotidiano da periferia e a espiritualidade. A colet\u00e2nea apresenta hist\u00f3rias em que a vida e a morte dividem a cena com exus, pombagiras, sambistas de cemit\u00e9rio e at\u00e9 um vel\u00f3rio regado a cerveja. Para o escritor Marcelino Freire, que assina a orelha da obra, trata-se de um livro \u201cpara ser lido de copo na m\u00e3o e cora\u00e7\u00e3o aberto\u201d.<\/p>\n<p>Al\u00e9m dessa entrevista especial, o Autores e Livros ainda traz dicas de leitura com novos contistas da cena liter\u00e1ria brasileira, como K\u00eania Marang\u00e3o, com O v\u00f4o das lib\u00e9lulas e outros contos inflam\u00e1veis (Editora Patu\u00e1), e Ricardo Pecego, autor de Cidad\u00e3o (Editora Cachalote). O programa tamb\u00e9m apresenta reportagem sobre a segunda edi\u00e7\u00e3o do LOBA Festival, evento que valoriza a literatura escrita por mulheres, e encerra com poesia no quadro Encantos de Versos, dedicado a textos de Alberto Caeiro, heter\u00f4nimo de Fernando Pessoa.<\/p>\n<p><strong>Autores no programa:<\/strong> Anderson Estevan, K\u00eania Marang\u00e3o, Ricardo Pecego e Alberto Caeiro, heter\u00f4nimo de Fernando Pessoa.<\/p>\n","protected":false},"excerpt":{"rendered":"O Autores e Livros desta semana abre espa\u00e7o para uma obra que mistura ritmo, oralidade e a for\u00e7a&hellip;\n","protected":false},"author":2,"featured_media":68606,"comment_status":"","ping_status":"","sticky":false,"template":"","format":"standard","meta":{"footnotes":""},"categories":[143],"tags":[169,114,115,170,32,33],"class_list":{"0":"post-68605","1":"post","2":"type-post","3":"status-publish","4":"format-standard","5":"has-post-thumbnail","7":"category-livros","8":"tag-books","9":"tag-entertainment","10":"tag-entretenimento","11":"tag-livros","12":"tag-portugal","13":"tag-pt"},"share_on_mastodon":{"url":"","error":""},"_links":{"self":[{"href":"https:\/\/www.europesays.com\/pt\/wp-json\/wp\/v2\/posts\/68605","targetHints":{"allow":["GET"]}}],"collection":[{"href":"https:\/\/www.europesays.com\/pt\/wp-json\/wp\/v2\/posts"}],"about":[{"href":"https:\/\/www.europesays.com\/pt\/wp-json\/wp\/v2\/types\/post"}],"author":[{"embeddable":true,"href":"https:\/\/www.europesays.com\/pt\/wp-json\/wp\/v2\/users\/2"}],"replies":[{"embeddable":true,"href":"https:\/\/www.europesays.com\/pt\/wp-json\/wp\/v2\/comments?post=68605"}],"version-history":[{"count":0,"href":"https:\/\/www.europesays.com\/pt\/wp-json\/wp\/v2\/posts\/68605\/revisions"}],"wp:featuredmedia":[{"embeddable":true,"href":"https:\/\/www.europesays.com\/pt\/wp-json\/wp\/v2\/media\/68606"}],"wp:attachment":[{"href":"https:\/\/www.europesays.com\/pt\/wp-json\/wp\/v2\/media?parent=68605"}],"wp:term":[{"taxonomy":"category","embeddable":true,"href":"https:\/\/www.europesays.com\/pt\/wp-json\/wp\/v2\/categories?post=68605"},{"taxonomy":"post_tag","embeddable":true,"href":"https:\/\/www.europesays.com\/pt\/wp-json\/wp\/v2\/tags?post=68605"}],"curies":[{"name":"wp","href":"https:\/\/api.w.org\/{rel}","templated":true}]}}