{"id":68661,"date":"2025-09-12T16:32:07","date_gmt":"2025-09-12T16:32:07","guid":{"rendered":"https:\/\/www.europesays.com\/pt\/68661\/"},"modified":"2025-09-12T16:32:07","modified_gmt":"2025-09-12T16:32:07","slug":"pink-floyd-remove-capas-originais-de-albuns-de-streamings-entenda-o-motivo","status":"publish","type":"post","link":"https:\/\/www.europesays.com\/pt\/68661\/","title":{"rendered":"Pink Floyd remove capas originais de \u00e1lbuns de streamings; entenda o motivo"},"content":{"rendered":"<p><img  loading=\"lazy\" class=\"lazy-load-img\"\/><\/p>\n<p>Pink Floyd troca imagens de discos em comemora\u00e7\u00e3o aos 50 anos de &#8216;Wish You Were Here&#8217;\u00a0Foto:  Kate Izor\/ Divulga\u00e7\u00e3o<\/p>\n<p data-component-name=\"paragraph\" class=\"styles__ParagraphStyled-sc-6adecn-0 cWrRiu  \">O <a href=\"https:\/\/www.estadao.com.br\/tudo-sobre\/pink-floyd\/?srsltid=AfmBOoq3Ryhj4ewwJ--pXHTrACQvilIHOB-IvjwDHAgKk0tPcie0xq9e\" target=\"_blank\" rel=\"noreferrer nofollow noopener\" title=\"https:\/\/www.estadao.com.br\/tudo-sobre\/pink-floyd\/?srsltid=AfmBOoq3Ryhj4ewwJ--pXHTrACQvilIHOB-IvjwDHAgKk0tPcie0xq9e\"><strong>Pink Floyd<\/strong><\/a> removeu as capas originais de todos os seus \u00e1lbuns em streamings de m\u00fasica. O motivo do mist\u00e9rio, apesar de n\u00e3o ter sido esclarecido pela banda, coincide com os 50 anos que Wish You Were Here completa nesta sexta-feira, 12.<\/p>\n<p><img  loading=\"lazy\" class=\"lazy-load-img\"\/><\/p>\n<p>Pink Floyd troca capas de \u00e1lbuns e gera repercuss\u00e3o nas redes sociais\u00a0Foto:  Pink Floyd\/Spotify\/Reprodu\u00e7\u00e3o<\/p>\n<p>O nono \u00e1lbum de est\u00fadio da banda, lan\u00e7ado em setembro de 1975, \u00e9 uma homenagem a Syd Barrett, um dos fundadores de Pink Floyd. Al\u00e9m disso, as can\u00e7\u00f5es tratam de temas como a aliena\u00e7\u00e3o e a realidade da ind\u00fastria musical.<\/p>\n<p>Wish You Were Here foi vendido, inicialmente, em um saco preto, de modo a esconder a capa original do disco. A ideia era fazer com que os f\u00e3s do grupo descobrissem a arte apenas ao desembrulhar o disco.<\/p>\n<p data-component-name=\"paragraph\" class=\"styles__ParagraphStyled-sc-6adecn-0 cWrRiu  \">Internautas tamb\u00e9m ressaltaram que a troca das imagens nos \u00e1lbuns poderia ser uma cr\u00edtica ao uso de intelig\u00eancia artificial, j\u00e1 que as capas agora s\u00e3o apenas uma descri\u00e7\u00e3o das imagens originais. <\/p>\n<p data-component-name=\"paragraph\" class=\"styles__ParagraphStyled-sc-6adecn-0 cWrRiu  \">A descri\u00e7\u00e3o se assemelha, de acordo com usu\u00e1rios do X, antigo Twitter, ao \u201cprompt\u201d utilizado para a gera\u00e7\u00e3o de imagens em recursos de intelig\u00eancia artificial. <\/p>\n<p data-component-name=\"paragraph\" class=\"styles__ParagraphStyled-sc-6adecn-0 cWrRiu  \">*Estagi\u00e1ria sob supervis\u00e3o de Charlise Morais<\/p>\n","protected":false},"excerpt":{"rendered":"Pink Floyd troca imagens de discos em comemora\u00e7\u00e3o aos 50 anos de &#8216;Wish You Were Here&#8217;\u00a0Foto: Kate Izor\/&hellip;\n","protected":false},"author":2,"featured_media":68662,"comment_status":"","ping_status":"","sticky":false,"template":"","format":"standard","meta":{"footnotes":""},"categories":[141],"tags":[114,115,149,150,32,33],"class_list":{"0":"post-68661","1":"post","2":"type-post","3":"status-publish","4":"format-standard","5":"has-post-thumbnail","7":"category-musica","8":"tag-entertainment","9":"tag-entretenimento","10":"tag-music","11":"tag-musica","12":"tag-portugal","13":"tag-pt"},"share_on_mastodon":{"url":"","error":""},"_links":{"self":[{"href":"https:\/\/www.europesays.com\/pt\/wp-json\/wp\/v2\/posts\/68661","targetHints":{"allow":["GET"]}}],"collection":[{"href":"https:\/\/www.europesays.com\/pt\/wp-json\/wp\/v2\/posts"}],"about":[{"href":"https:\/\/www.europesays.com\/pt\/wp-json\/wp\/v2\/types\/post"}],"author":[{"embeddable":true,"href":"https:\/\/www.europesays.com\/pt\/wp-json\/wp\/v2\/users\/2"}],"replies":[{"embeddable":true,"href":"https:\/\/www.europesays.com\/pt\/wp-json\/wp\/v2\/comments?post=68661"}],"version-history":[{"count":0,"href":"https:\/\/www.europesays.com\/pt\/wp-json\/wp\/v2\/posts\/68661\/revisions"}],"wp:featuredmedia":[{"embeddable":true,"href":"https:\/\/www.europesays.com\/pt\/wp-json\/wp\/v2\/media\/68662"}],"wp:attachment":[{"href":"https:\/\/www.europesays.com\/pt\/wp-json\/wp\/v2\/media?parent=68661"}],"wp:term":[{"taxonomy":"category","embeddable":true,"href":"https:\/\/www.europesays.com\/pt\/wp-json\/wp\/v2\/categories?post=68661"},{"taxonomy":"post_tag","embeddable":true,"href":"https:\/\/www.europesays.com\/pt\/wp-json\/wp\/v2\/tags?post=68661"}],"curies":[{"name":"wp","href":"https:\/\/api.w.org\/{rel}","templated":true}]}}