{"id":68691,"date":"2025-09-12T17:01:09","date_gmt":"2025-09-12T17:01:09","guid":{"rendered":"https:\/\/www.europesays.com\/pt\/68691\/"},"modified":"2025-09-12T17:01:09","modified_gmt":"2025-09-12T17:01:09","slug":"situacao-de-ex-atriz-da-globo-e-atualizada-por-ativista","status":"publish","type":"post","link":"https:\/\/www.europesays.com\/pt\/68691\/","title":{"rendered":"Situa\u00e7\u00e3o de ex-atriz da Globo \u00e9 atualizada por ativista"},"content":{"rendered":"<p>Encontrada pela Pol\u00edcia Civil em condi\u00e7\u00f5es de abandono dentro de um apartamento em Porto Alegre (RS) h\u00e1 uma semana, <strong><a href=\"https:\/\/www.otempo.com.br\/entretenimento\/2025\/9\/4\/ex-atriz-da-globo-e-resgatada-em-situacao-precaria-sem-banho0\" target=\"_blank\" rel=\"noopener nofollow\">Rejane Schumann<\/a><\/strong>, 74, continua recebendo atendimento m\u00e9dico na capital ga\u00facha. Quem atualizou o processo de recupera\u00e7\u00e3o da ex-atriz da Globo foi a ativista Deise Falci, nesta quarta-feira (10), ap\u00f3s uma visita.<\/p>\n<p>Em postagem publicada no Instagram, Deise mostrou a idosa, destacando que ela estava sendo bem cuidada. No v\u00eddeo, Rejane aparece falando v\u00e1rias l\u00ednguas, incluindo ingl\u00eas e italiano, e Deise comentou: &#8220;Ela fala v\u00e1rias l\u00ednguas! Cada vez me surpreendendo mais!&#8221;.<\/p>\n<p>Na legenda, a ativista tamb\u00e9m compartilhou detalhes sobre a recupera\u00e7\u00e3o da artista: &#8220;Muitas confus\u00f5es mentais, \u00e9 claro, mas estamos ajeitando muitas coisas nesta semana. Ela vai fazer exames, est\u00e1 com acompanhamento psicol\u00f3gico e temos uma baita not\u00edcia para dar em breve!&#8221;, escreveu.<\/p>\n<p>Rejane Schumman \u00e9 ex-atriz e jornalista, foi encontrada em situa\u00e7\u00e3o de vulnerabilidade, morando com quatro c\u00e3es e tr\u00eas gatos. Conhecida por seus trabalhos nas novelas &#8221; O Feij\u00e3o e o Sonho&#8221; (1976), &#8220;Espelho M\u00e1gico&#8221; (1977), &#8220;Dancin&#8217; Days&#8221; (1978) e &#8220;Pai Her\u00f3i&#8221; (1979), todas na Globo, Rejane Schumann n\u00e3o atuava em tramas desde 1980. Ela abandonou a carreira de atriz para se dedicar ao jornalismo, ao direito (teve uma atua\u00e7\u00e3o na \u00e1rea jur\u00eddica) e \u00e0 literatura.<\/p>\n","protected":false},"excerpt":{"rendered":"Encontrada pela Pol\u00edcia Civil em condi\u00e7\u00f5es de abandono dentro de um apartamento em Porto Alegre (RS) h\u00e1 uma&hellip;\n","protected":false},"author":2,"featured_media":68692,"comment_status":"","ping_status":"","sticky":false,"template":"","format":"standard","meta":{"footnotes":""},"categories":[145],"tags":[211,210,18636,114,115,753,32,33,16879],"class_list":{"0":"post-68691","1":"post","2":"type-post","3":"status-publish","4":"format-standard","5":"has-post-thumbnail","7":"category-celebridades","8":"tag-celebridades","9":"tag-celebrities","10":"tag-denise-falci","11":"tag-entertainment","12":"tag-entretenimento","13":"tag-globo","14":"tag-portugal","15":"tag-pt","16":"tag-rejane-schumann"},"share_on_mastodon":{"url":"","error":""},"_links":{"self":[{"href":"https:\/\/www.europesays.com\/pt\/wp-json\/wp\/v2\/posts\/68691","targetHints":{"allow":["GET"]}}],"collection":[{"href":"https:\/\/www.europesays.com\/pt\/wp-json\/wp\/v2\/posts"}],"about":[{"href":"https:\/\/www.europesays.com\/pt\/wp-json\/wp\/v2\/types\/post"}],"author":[{"embeddable":true,"href":"https:\/\/www.europesays.com\/pt\/wp-json\/wp\/v2\/users\/2"}],"replies":[{"embeddable":true,"href":"https:\/\/www.europesays.com\/pt\/wp-json\/wp\/v2\/comments?post=68691"}],"version-history":[{"count":0,"href":"https:\/\/www.europesays.com\/pt\/wp-json\/wp\/v2\/posts\/68691\/revisions"}],"wp:featuredmedia":[{"embeddable":true,"href":"https:\/\/www.europesays.com\/pt\/wp-json\/wp\/v2\/media\/68692"}],"wp:attachment":[{"href":"https:\/\/www.europesays.com\/pt\/wp-json\/wp\/v2\/media?parent=68691"}],"wp:term":[{"taxonomy":"category","embeddable":true,"href":"https:\/\/www.europesays.com\/pt\/wp-json\/wp\/v2\/categories?post=68691"},{"taxonomy":"post_tag","embeddable":true,"href":"https:\/\/www.europesays.com\/pt\/wp-json\/wp\/v2\/tags?post=68691"}],"curies":[{"name":"wp","href":"https:\/\/api.w.org\/{rel}","templated":true}]}}