{"id":68713,"date":"2025-09-12T17:23:13","date_gmt":"2025-09-12T17:23:13","guid":{"rendered":"https:\/\/www.europesays.com\/pt\/68713\/"},"modified":"2025-09-12T17:23:13","modified_gmt":"2025-09-12T17:23:13","slug":"bruce-dickinson-cantara-hino-dos-estados-unidos-em-jogo-de-futebol-americano","status":"publish","type":"post","link":"https:\/\/www.europesays.com\/pt\/68713\/","title":{"rendered":"Bruce Dickinson cantar\u00e1 hino dos Estados Unidos em jogo de futebol americano"},"content":{"rendered":"<p>Bruce Dickinson cantar\u00e1 o hino dos Estados Unidos no pr\u00f3ximo domingo. O vocalista do <a href=\"https:\/\/whiplash.net\/bandas\/i\/ironmaiden.html\" class=\"hotwords\" rel=\"nofollow noopener\" target=\"_blank\">Iron Maiden<\/a> ser\u00e1 atra\u00e7\u00e3o na partida entre Pittsburgh Steelers e Seattle Seahawks, pela segunda rodada da nova temporada da NFL. O jogo ter\u00e1 transmiss\u00e3o ao vivo para o Brasil no YouTube, atrav\u00e9s da GETV, a partir das duas horas da tarde no hor\u00e1rio de Bras\u00edlia.<\/p>\n<p>No momento, o cantor est\u00e1 em turn\u00ea pela Am\u00e9rica do Norte com sua banda solo, ainda divulgando o \u00e1lbum &#8220;The Mandrake Project&#8221;, lan\u00e7ado ano passado. A <a href=\"https:\/\/whiplash.net\/temas\/a\/agenda.html\" class=\"hotwords\" rel=\"nofollow noopener\" target=\"_blank\">agenda<\/a> sofreu um pequeno intervalo para um deslocamento at\u00e9 o Brasil no \u00faltimo dia 7 de setembro, para uma apresenta\u00e7\u00e3o em S\u00e3o Paulo durante o festival The Town. O giro se estende at\u00e9 outubro.<\/p>\n<p><a href=\"https:\/\/whiplash.net\/bandas\/b\/brucedickinson.html\" class=\"linkBotao\" rel=\"nofollow noopener\" target=\"_blank\">Bruce Dickinson &#8211; Mais Novidades<\/a><\/p>\n<p>CONTINUA DEPOIS DA PUBLICIDADE &#8211; CLI<\/p>\n<p>&#13;<br \/>\n&#13;<br \/>\n&#13;<br \/>\n&#13;<br \/>\n&#13;<br \/>\n&#13;<br \/>\n&#13;<br \/>\n&#13;<br \/>\n<a href=\"https:\/\/whiplash.net\/materias\/whiplash\/027002.html\" rel=\"nofollow noopener\" target=\"_blank\"><img decoding=\"async\" src=\"https:\/\/www.europesays.com\/pt\/wp-content\/uploads\/2025\/09\/1757611747_848_anunciar_diabo_336x280.gif\" loading=\"lazy\" width=\"336\" height=\"280\" class=\"widthConstrained\" style=\"background-color:#000000;display:block;\" alt=\"Anunciar bandas e shows de Rock e Heavy Metal\"\/><\/a>&#13;<\/p>\n<p><a target=\"_blank\" href=\"https:\/\/www.europesays.com\/pt\/wp-content\/uploads\/2025\/07\/brucedickinson_candle.jpg\"><img loading=\"lazy\" decoding=\"async\" src=\"https:\/\/www.europesays.com\/pt\/wp-content\/uploads\/2025\/07\/brucedickinson_candle.jpg\" class=\"widthConstrained\" width=\"700\" height=\"426\" alt=\"Foto: Divulga\u00e7\u00e3o\"\/><\/a>Foto: Divulga\u00e7\u00e3o<\/p>\n<p>Ano que vem, Bruce conciliar\u00e1 a turn\u00ea &#8220;Run For Your Lives&#8221;, que celebra 50 anos do <a href=\"https:\/\/whiplash.net\/bandas\/i\/ironmaiden.html\" class=\"hotwords\" rel=\"nofollow noopener\" target=\"_blank\">Iron Maiden<\/a>, com as grava\u00e7\u00f5es do pr\u00f3ximo trabalho pr\u00f3prio. A ideia \u00e9 disponibilizar o disco em 2027. Os f\u00e3s esperam que a Donzela de Ferro volte ao pa\u00eds, o que o pr\u00f3prio prometeu em recentes declara\u00e7\u00f5es.<\/p>\n<p>CONTINUA DEPOIS DA PUBLICIDADE &#8211; GOO<\/p>\n<p>&#13;<br \/>\n&#13;<br \/>\n&#13;<br \/>\n&#13;<br \/>\n<a href=\"https:\/\/whiplash.net\/materias\/whiplash\/027002.html\" rel=\"nofollow noopener\" target=\"_blank\"><img decoding=\"async\" src=\"https:\/\/www.europesays.com\/pt\/wp-content\/uploads\/2025\/09\/1757611747_848_anunciar_diabo_336x280.gif\" loading=\"lazy\" width=\"336\" height=\"280\" alt=\"Anunciar no Whiplash.Net\"\/><\/a>&#13;<br \/>\n&#13;<br \/>\n&#13;<br \/>\n&#13;<br \/>\n&#13;<br \/>\n&#13;<br \/>\n<a href=\"https:\/\/whiplash.net\/materias\/whiplash\/027002.html\" rel=\"nofollow noopener\" target=\"_blank\"><img decoding=\"async\" src=\"https:\/\/www.europesays.com\/pt\/wp-content\/uploads\/2025\/09\/1757611747_848_anunciar_diabo_336x280.gif\" loading=\"lazy\" width=\"336\" height=\"280\" class=\"widthConstrained\" style=\"background-color:#000000;display:block;\" alt=\"Anunciar bandas e shows de Rock e Heavy Metal\"\/><\/a>&#13;<\/p>\n","protected":false},"excerpt":{"rendered":"Bruce Dickinson cantar\u00e1 o hino dos Estados Unidos no pr\u00f3ximo domingo. O vocalista do Iron Maiden ser\u00e1 atra\u00e7\u00e3o&hellip;\n","protected":false},"author":2,"featured_media":1823,"comment_status":"","ping_status":"","sticky":false,"template":"","format":"standard","meta":{"footnotes":""},"categories":[141],"tags":[114,115,149,150,32,33],"class_list":{"0":"post-68713","1":"post","2":"type-post","3":"status-publish","4":"format-standard","5":"has-post-thumbnail","7":"category-musica","8":"tag-entertainment","9":"tag-entretenimento","10":"tag-music","11":"tag-musica","12":"tag-portugal","13":"tag-pt"},"share_on_mastodon":{"url":"","error":""},"_links":{"self":[{"href":"https:\/\/www.europesays.com\/pt\/wp-json\/wp\/v2\/posts\/68713","targetHints":{"allow":["GET"]}}],"collection":[{"href":"https:\/\/www.europesays.com\/pt\/wp-json\/wp\/v2\/posts"}],"about":[{"href":"https:\/\/www.europesays.com\/pt\/wp-json\/wp\/v2\/types\/post"}],"author":[{"embeddable":true,"href":"https:\/\/www.europesays.com\/pt\/wp-json\/wp\/v2\/users\/2"}],"replies":[{"embeddable":true,"href":"https:\/\/www.europesays.com\/pt\/wp-json\/wp\/v2\/comments?post=68713"}],"version-history":[{"count":0,"href":"https:\/\/www.europesays.com\/pt\/wp-json\/wp\/v2\/posts\/68713\/revisions"}],"wp:featuredmedia":[{"embeddable":true,"href":"https:\/\/www.europesays.com\/pt\/wp-json\/wp\/v2\/media\/1823"}],"wp:attachment":[{"href":"https:\/\/www.europesays.com\/pt\/wp-json\/wp\/v2\/media?parent=68713"}],"wp:term":[{"taxonomy":"category","embeddable":true,"href":"https:\/\/www.europesays.com\/pt\/wp-json\/wp\/v2\/categories?post=68713"},{"taxonomy":"post_tag","embeddable":true,"href":"https:\/\/www.europesays.com\/pt\/wp-json\/wp\/v2\/tags?post=68713"}],"curies":[{"name":"wp","href":"https:\/\/api.w.org\/{rel}","templated":true}]}}