{"id":68714,"date":"2025-09-12T17:24:07","date_gmt":"2025-09-12T17:24:07","guid":{"rendered":"https:\/\/www.europesays.com\/pt\/68714\/"},"modified":"2025-09-12T17:24:07","modified_gmt":"2025-09-12T17:24:07","slug":"as-revelacoes-bombasticas-do-documentario-sobre-a-vida-louca-de-charlie-sheen-nit","status":"publish","type":"post","link":"https:\/\/www.europesays.com\/pt\/68714\/","title":{"rendered":"As revela\u00e7\u00f5es bomb\u00e1sticas do document\u00e1rio sobre a vida louca de Charlie Sheen \u2014 NiT"},"content":{"rendered":"<p>\u201cAli estava eu, b\u00eabado, com 300 pessoas e uma noiva enraivecida a dormirem atr\u00e1s de mim, e eu come\u00e7o a conduzir o avi\u00e3o.\u201d A mem\u00f3ria n\u00e3o podia pertencer a outra pessoa que n\u00e3o Charlie Sheen, que recorda esse como um dos mais loucos epis\u00f3dios da sua vida. \u00c9 apenas uma entre as muitas hist\u00f3rias reveladas no novo document\u00e1rio da Netflix, \u201cTamb\u00e9m Conhecido como Charlie Sheen\u201d, lan\u00e7ado esta quinta-feira, 11 de setembro.<\/p>\n<p>O relato, contado logo no in\u00edcio do filme, n\u00e3o \u00e9 um exagero. Durante a lua de mel com Brooke Mueller, em 2008, o ator foi convidado para visitar a cabine de um avi\u00e3o comercial. Estava completamente embriagado, mas mesmo assim teve permiss\u00e3o para sentar-se no lugar do piloto e assumir brevemente os comandos do avi\u00e3o. S\u00f3 quando o copiloto percebeu qu\u00e3o b\u00eabado estava Sheen \u00e9 que reativou o piloto autom\u00e1tico.<\/p>\n<p>Sheen sem filtros. \u00c9 isso que o document\u00e1rio de duas partes, realizado por Andrew Renzi, promete. <strong>O projeto viaja pela ascens\u00e3o mete\u00f3rica de Sheen e pela sua queda, provocada por anos de v\u00edcios, excessos e escolhas duvidosas.<\/strong> <strong>O ator, agora com 60 anos e s\u00f3brio h\u00e1 oito, conta tudo na primeira pessoa.<\/strong> Ao lado de algumas imagens de arquivo, revelam-se cenas cortadas de filmes e depoimentos de familiares, ex-companheiras e amigos pr\u00f3ximos como Sean Penn, Jon Cryer e Chris Tucker.<\/p>\n<p>Ao longo do document\u00e1rio, Sheen revela in\u00fameros epis\u00f3dios. Entre os mais surreais est\u00e1 o momento em que, para conseguir terminar uma cena do filme \u201cFree Money\u201d, em 1998, colocou um cubo de gelo no \u00e2nus para combater o sono provocado pelas drogas. O pr\u00f3prio ator admite que nunca tinha feito nada do g\u00e9nero, mas garante que resultou.<\/p>\n<p>Incapaz de manter os olhos abertos, pediu aos assistentes um copo com gelo. <strong>\u201cHavia l\u00e1 uma pequena casa de banho. Entrei, peguei no cubo de gelo e enfiei-o pelo rabo acima. Nunca tinha feito algo parecido\u201d, recorda.<\/strong> \u201cBem, a verdade \u00e9 que consegui manter-me acordado tempo suficiente para voltar e terminar a cena.\u201d<\/p>\n<p>A hist\u00f3ria \u00e9 ilustrada com a pr\u00f3pria cena do filme, na qual \u00e9 poss\u00edvel ver Sheen de olhos bem abertos. A necessidade de m\u00e9todos cada vez mais bizarros surgiu numa fase em que j\u00e1 aceitava qualquer papel apenas para sustentar o v\u00edcio da droga.<\/p>\n<p>Outro nome que surge recorrentemente nestas mem\u00f3rias \u00e9 Nicolas Cage. O ator foi c\u00famplice em mais do que um epis\u00f3dio. Num deles, Sheen fugiu discretamente de uma cl\u00ednica de reabilita\u00e7\u00e3o para cumprir um compromisso que, para si, era completamente inadi\u00e1vel: ser jurado num concurso de biqu\u00ednis, ao lado de Cage. N\u00e3o era obrigado legalmente a permanecer internado, mas ainda assim deixou uma nota \u00e0 enfermeira de servi\u00e7o. Prometeu regressar at\u00e9 \u00e0s 8 horas. Se n\u00e3o cumprisse, comprometia-se a pagar-lhe um milh\u00e3o de euros. E cumpriu: voltou \u00e0s 7h40.<\/p>\n<p>Segundo Sheen, a enfermeira mostrou-se feliz pelo ator mas \u201cdesapontada\u201d por ter perdido o pr\u00e9mio. \u201cBem, pelo menos \u00e9 um homem de palavra. Seja bem-vindo. Mantivemos o quarto reservado\u201d, ter\u00e1 dito.<\/p>\n<p>Noutra ocasi\u00e3o, tamb\u00e9m ao lado de Cage e novamente sob o efeito de drogas, embarcou num voo para S\u00e3o Francisco. <strong>A certa altura, Cage agarrou no intercomunicador dos comiss\u00e1rios de bordo e fez-se passar pelo piloto do avi\u00e3o. \u201cEste \u00e9 o vosso capit\u00e3o. N\u00e3o me estou a sentir muito bem, estou a perder o controlo do avi\u00e3o\u201d, ter\u00e1 dito.<\/strong><\/p>\n<p>A brincadeira provocou o p\u00e2nico entre os passageiros e levou a que ambos fossem confrontados por agentes armados no aeroporto. O que Cage n\u00e3o sabia \u00e9 que Sheen levava mais 30 gramas de coca\u00edna colada \u00e0 perna. Acabaram por ser apenas repreendidos pelos agentes, que eram seus f\u00e3s. \u201cVejam l\u00e1 se isto n\u00e3o volta a acontecer\u201d, disseram, antes de os libertarem.<\/p>\n<p>A rela\u00e7\u00e3o com a coca\u00edna \u00e9 uma constante. Durante as grava\u00e7\u00f5es do filme \u201cMoney Talks\u201d, em 1997, com Chris Tucker, teve uma hemorragia nasal que durou 18 horas. \u201cN\u00e3o parava de sangrar, ao ponto de come\u00e7ar a pingar para a camisola durante uma das cenas\u201d, recorda. A seu pedido, o realizador Brett Ratner cortou a cena da montagem final.<\/p>\n<p>As revela\u00e7\u00f5es mais \u00edntimas, no entanto, surgem quando Sheen fala sobre sexualidade e sa\u00fade.<strong> Pela primeira vez, assume publicamente ter tido rela\u00e7\u00f5es com homens. \u201cDisse: vamos l\u00e1 ent\u00e3o provar um de cada\u201d, conta, sem arrependimentos.<\/strong><\/p>\n<p>Segundo o pr\u00f3prio, o aumento explosivo da libido era provocada pela coca\u00edna, o que o levou a procurar freneticamente por mais e mais parceiros. Sabia que isso levaria inevitavelmente a que algu\u00e9m revelasse tudo \u00e0 imprensa. \u201cAlgumas coisas ser\u00e3o verdade, outras n\u00e3o ser\u00e3o\u201d, comenta. \u201cHouve coisas estranhas. Houve coisas muito divertidas. A vida continua.\u201d<\/p>\n<p>Acabaria por ser alvo de chantagem por parte de pessoas com quem se envolveu, ap\u00f3s a revela\u00e7\u00e3o do seu diagn\u00f3stico de VIH. Embora tenha tornado a informa\u00e7\u00e3o p\u00fablica apenas em 2015, foi diagnosticado em 2011. Nessa altura, entrou em p\u00e2nico. \u201cSofria de enxaquecas e de suores corporais que ningu\u00e9m vivo deveria sentir\u201d, recorda. O tratamento permitiu-lhe retomar uma vida normal, mas teve que pagar pelo sil\u00eancio. \u201cOs mais baratos pediam meio milh\u00e3o. Houve um que pediu 1,4 milh\u00f5es.\u201d<\/p>\n<p>Foi tamb\u00e9m ap\u00f3s o diagn\u00f3stico que o v\u00edcio atingiu novos extremos. Em vez de procurar um estilo de vida saud\u00e1vel, Sheen mergulhou ainda mais na autodestrui\u00e7\u00e3o. <strong>\u201cEm vez de me tornar vegetariano, tornei-me um \u2018crack-etarian\u2019 e s\u00f3 consumia crack\u201d<\/strong>, recorda. \u201cFui est\u00fapido.\u201d<\/p>\n<p>Quando conseguiu largar o crack, refugiou-se no \u00e1lcool, at\u00e9 perceber que nunca poderia ser um bom pai. Chegou a ter que contratar condutores para levar a filha Sami a compromissos, enquanto Sheen ficava no lugar do passageiro, visivelmente embriagado. \u201cSenti que a desapontei\u201d, conta.<\/p>\n<p>Foi nesse momento que decidiu mudar e deixar a bebida e mudar de vida, uma mudan\u00e7a que as filhas confirmam. Sheen garante estar s\u00f3brio h\u00e1 oito anos.<\/p>\n<p>Carregue na galeria para conhecer outras s\u00e9ries que chegam este m\u00eas \u00e0 televis\u00e3o e plataformas de streaming.\u00a0<\/p>\n","protected":false},"excerpt":{"rendered":"\u201cAli estava eu, b\u00eabado, com 300 pessoas e uma noiva enraivecida a dormirem atr\u00e1s de mim, e eu&hellip;\n","protected":false},"author":2,"featured_media":68715,"comment_status":"","ping_status":"","sticky":false,"template":"","format":"standard","meta":{"footnotes":""},"categories":[140],"tags":[114,115,147,148,146,32,33],"class_list":{"0":"post-68714","1":"post","2":"type-post","3":"status-publish","4":"format-standard","5":"has-post-thumbnail","7":"category-filmes","8":"tag-entertainment","9":"tag-entretenimento","10":"tag-film","11":"tag-filmes","12":"tag-movies","13":"tag-portugal","14":"tag-pt"},"share_on_mastodon":{"url":"","error":""},"_links":{"self":[{"href":"https:\/\/www.europesays.com\/pt\/wp-json\/wp\/v2\/posts\/68714","targetHints":{"allow":["GET"]}}],"collection":[{"href":"https:\/\/www.europesays.com\/pt\/wp-json\/wp\/v2\/posts"}],"about":[{"href":"https:\/\/www.europesays.com\/pt\/wp-json\/wp\/v2\/types\/post"}],"author":[{"embeddable":true,"href":"https:\/\/www.europesays.com\/pt\/wp-json\/wp\/v2\/users\/2"}],"replies":[{"embeddable":true,"href":"https:\/\/www.europesays.com\/pt\/wp-json\/wp\/v2\/comments?post=68714"}],"version-history":[{"count":0,"href":"https:\/\/www.europesays.com\/pt\/wp-json\/wp\/v2\/posts\/68714\/revisions"}],"wp:featuredmedia":[{"embeddable":true,"href":"https:\/\/www.europesays.com\/pt\/wp-json\/wp\/v2\/media\/68715"}],"wp:attachment":[{"href":"https:\/\/www.europesays.com\/pt\/wp-json\/wp\/v2\/media?parent=68714"}],"wp:term":[{"taxonomy":"category","embeddable":true,"href":"https:\/\/www.europesays.com\/pt\/wp-json\/wp\/v2\/categories?post=68714"},{"taxonomy":"post_tag","embeddable":true,"href":"https:\/\/www.europesays.com\/pt\/wp-json\/wp\/v2\/tags?post=68714"}],"curies":[{"name":"wp","href":"https:\/\/api.w.org\/{rel}","templated":true}]}}