{"id":68724,"date":"2025-09-12T17:31:07","date_gmt":"2025-09-12T17:31:07","guid":{"rendered":"https:\/\/www.europesays.com\/pt\/68724\/"},"modified":"2025-09-12T17:31:07","modified_gmt":"2025-09-12T17:31:07","slug":"mario-ferreira-foi-o-anfitriao-de-um-almoco-entre-gouveia-e-melo-e-andre-ventura","status":"publish","type":"post","link":"https:\/\/www.europesays.com\/pt\/68724\/","title":{"rendered":"M\u00e1rio Ferreira foi o anfitri\u00e3o de um almo\u00e7o entre Gouveia e Melo e Andr\u00e9 Ventura"},"content":{"rendered":"<p>O almo\u00e7o que juntou Henrique Gouveia e Melo e Andr\u00e9 Ventura aconteceu no final de agosto, na Quinta da Carlota, em Torres Vedras, e surgiu numa altura em que o l\u00edder do Chega ainda n\u00e3o decidiu se vai avan\u00e7ar com uma candidatura presidencial, sendo que nunca excluiu a hip\u00f3tese de vir a apoiar o ex-almirante.<\/p>\n<p>O Chega re\u00fane esta sexta-feira o Conselho Nacional para decidir sobre a candidatura presidencial. Andr\u00e9 Ventura chegou a anunciar a sua candidatura, mas recuou na sequ\u00eancia das legislativas antecipadas.<\/p>\n<p>De l\u00e1 para c\u00e1, Ventura tem dado sinais de que poder\u00e1 manter a candidatura, mas, em maio, numa entrevista \u00e0 SIC, n\u00e3o excluiu totalmente o apoio a Gouveia e Melo. Na altura, Ventura disse que apoiaria \u201cum candidato forte, independente, acima dos interesses partid\u00e1rios e firme na luta contra a corrup\u00e7\u00e3o\u201d. Um ano antes, contudo, Ventura tinha mostrado entusiasmo pela candidatura do ex-almirante, que, no entanto, rejeitou o apoio formal do partido de Ventura.<\/p>\n<p>Nas redes sociais, o diretor de campanha de Lu\u00eds Marques Mendes, Duarte Marques, reagiu \u00e0 not\u00edcia criticando o alegado &#8220;suprapartidarismo&#8221; de Gouveia e Melo, instante os tr\u00eas intervenientes do evento a &#8220;dar explica\u00e7\u00f5es p\u00fablicas&#8221;.<\/p>\n<p>Criticando em particular a a\u00e7\u00e3o de Gouveia e Melo, que pretende fazer uma campanha posicionando-se acima dos partidos, o ex-deputado do PSD questiona &#8220;onde est\u00e1 afinal o seu suprapartidarismo&#8221;. &#8220;Afinal onde est\u00e1 a sua independ\u00eancia face aos partidos?&#8221;, questiona, rematando que &#8220;afinal \u00e9 igual aos piores pol\u00edticos tradicionais&#8221;.<\/p>\n","protected":false},"excerpt":{"rendered":"O almo\u00e7o que juntou Henrique Gouveia e Melo e Andr\u00e9 Ventura aconteceu no final de agosto, na Quinta&hellip;\n","protected":false},"author":2,"featured_media":68725,"comment_status":"","ping_status":"","sticky":false,"template":"","format":"standard","meta":{"footnotes":""},"categories":[10],"tags":[27,28,15,16,14,25,26,21,22,12,13,19,20,32,23,24,33,17,18,29,30,31],"class_list":{"0":"post-68724","1":"post","2":"type-post","3":"status-publish","4":"format-standard","5":"has-post-thumbnail","7":"category-portugal","8":"tag-breaking-news","9":"tag-breakingnews","10":"tag-featured-news","11":"tag-featurednews","12":"tag-headlines","13":"tag-latest-news","14":"tag-latestnews","15":"tag-main-news","16":"tag-mainnews","17":"tag-news","18":"tag-noticias","19":"tag-noticias-principais","20":"tag-noticiasprincipais","21":"tag-portugal","22":"tag-principais-noticias","23":"tag-principaisnoticias","24":"tag-pt","25":"tag-top-stories","26":"tag-topstories","27":"tag-ultimas","28":"tag-ultimas-noticias","29":"tag-ultimasnoticias"},"share_on_mastodon":{"url":"","error":""},"_links":{"self":[{"href":"https:\/\/www.europesays.com\/pt\/wp-json\/wp\/v2\/posts\/68724","targetHints":{"allow":["GET"]}}],"collection":[{"href":"https:\/\/www.europesays.com\/pt\/wp-json\/wp\/v2\/posts"}],"about":[{"href":"https:\/\/www.europesays.com\/pt\/wp-json\/wp\/v2\/types\/post"}],"author":[{"embeddable":true,"href":"https:\/\/www.europesays.com\/pt\/wp-json\/wp\/v2\/users\/2"}],"replies":[{"embeddable":true,"href":"https:\/\/www.europesays.com\/pt\/wp-json\/wp\/v2\/comments?post=68724"}],"version-history":[{"count":0,"href":"https:\/\/www.europesays.com\/pt\/wp-json\/wp\/v2\/posts\/68724\/revisions"}],"wp:featuredmedia":[{"embeddable":true,"href":"https:\/\/www.europesays.com\/pt\/wp-json\/wp\/v2\/media\/68725"}],"wp:attachment":[{"href":"https:\/\/www.europesays.com\/pt\/wp-json\/wp\/v2\/media?parent=68724"}],"wp:term":[{"taxonomy":"category","embeddable":true,"href":"https:\/\/www.europesays.com\/pt\/wp-json\/wp\/v2\/categories?post=68724"},{"taxonomy":"post_tag","embeddable":true,"href":"https:\/\/www.europesays.com\/pt\/wp-json\/wp\/v2\/tags?post=68724"}],"curies":[{"name":"wp","href":"https:\/\/api.w.org\/{rel}","templated":true}]}}