{"id":68726,"date":"2025-09-12T17:32:14","date_gmt":"2025-09-12T17:32:14","guid":{"rendered":"https:\/\/www.europesays.com\/pt\/68726\/"},"modified":"2025-09-12T17:32:14","modified_gmt":"2025-09-12T17:32:14","slug":"arrombam-portas-escalam-predios-e-usam-gazuas-e-acido-para-entrar-em-seis-meses-2521-casas-foram-roubadas","status":"publish","type":"post","link":"https:\/\/www.europesays.com\/pt\/68726\/","title":{"rendered":"Arrombam portas, escalam pr\u00e9dios e usam gazuas e \u00e1cido para entrar. Em seis meses, 2521 casas foram roubadas"},"content":{"rendered":"<p>A PSP registou no primeiro semestre deste ano 2521 furtos a casas, menos 103 do que em igual per\u00edodo de 2024 (menos 3,9%), tendo ainda realizado 66 deten\u00e7\u00f5es (as mesmas do per\u00edodo hom\u00f3logo), anunciou esta sexta-feira, 12 de setembro, a for\u00e7a de seguran\u00e7a.<\/p>\n<p>Em comunicado, <strong>a PSP refere que entre os m\u00e9todos mais usados pelos ladr\u00f5es para for\u00e7ar a entrada nas habita\u00e7\u00f5es est\u00e3o o &#8220;arrombamento de portas, fechaduras e janelas, recorrendo ao uso de gazuas, ferramentas ou \u00e1cido&#8221; e o &#8220;escalamento de andares, varandas a janelas&#8221;.<\/strong> O furto sem arrombamento, por escalamento ou com recurso a chaves falsas, ou roubo de &#8220;\u00e1rea anexa \u00e0 resid\u00eancia&#8221; s\u00e3o outros dos modos de atua\u00e7\u00e3o.<\/p>\n<p>Em maio, o Relat\u00f3rio de Avalia\u00e7\u00e3o da Amea\u00e7a do Crime Grave e Organizado da Uni\u00e3o Europeia, elaborado pela Europol, referiu &#8220;o crescente impacto que os grupos organizados e itinerantes t\u00eam na criminalidade contra a propriedade&#8221;. &#8220;Viajam de regi\u00e3o para regi\u00e3o e de pa\u00eds para pa\u00eds, com o objetivo de perpetrar este tipo de crimes, visando moradias e apartamentos, geralmente mantendo os mesmos m\u00e9todos de introdu\u00e7\u00e3o nas habita\u00e7\u00f5es&#8221;, acrescenta a PSP.<\/p>\n<p>Por isso, a pol\u00edcia garante este tipo de crime &#8220;representa uma prioridade para efeitos de preven\u00e7\u00e3o e investiga\u00e7\u00e3o, pelos mais diversos motivos, entre os quais o impacto que tem no sentimento de seguran\u00e7a dos cidad\u00e3os&#8221;. &#8220;<strong>Trata-se de um fen\u00f3meno que, para al\u00e9m de lesar o patrim\u00f3nio, origina no propriet\u00e1rio\/usufrutu\u00e1rio um sentimento de viola\u00e7\u00e3o da sua privacidade, sendo tamb\u00e9m especialmente censur\u00e1vel para a maioria dos sistemas jur\u00eddicos, nos quais se inclui o portugu\u00eas&#8221;, explica.<\/strong><\/p>\n<p>A PSP, de resto, faz uma s\u00e9rie de recomenda\u00e7\u00f5es \u00e0 popula\u00e7\u00e3o, do ponto de vista preventivo, que tanto passam pelo simples gesto de trancar a porta, como pelo comportamento nas redes sociais ou gestos simples que permitem dissuadir um eventual roubo . A saber:<\/p>\n<p>&#8211; Fechar e trancar devidamente a porta da habita\u00e7\u00e3o sempre que sair de casa.<\/p>\n<p>&#8211; Ao sair do seu pr\u00e9dio certificar-se sempre que a porta de acesso ao edif\u00edcio fica devidamente fechada.<\/p>\n<p>&#8211; Ter igualmente aten\u00e7\u00e3o a portas ou port\u00f5es de acesso \u00e0s garagens dos condom\u00ednios e \u00e0 import\u00e2ncia de permanecerem devidamente fechadas, sobretudo se se tratar de portas e port\u00f5es exteriores.<\/p>\n<p>&#8211; Manter alguma roupa estendida ou recorrer a algum tipo de ilumina\u00e7\u00e3o de presen\u00e7a que permita dar a entender que possa estar algum morador no interior da resid\u00eancia.<\/p>\n<p>&#8211; N\u00e3o divulgar nas redes sociais as suas rotinas di\u00e1rias, bem como os per\u00edodos de aus\u00eancia de sua casa.<\/p>\n<p>&#8211; N\u00e3o ter em casa grandes quantias de dinheiro e manter as joias guardadas em cofres.<\/p>\n<p>&#8211; Anotar dados sobre pessoas ou ve\u00edculos suspeitos que detete na sua rua e transmitir essas informa\u00e7\u00f5es \u00e0 PSP.<\/p>\n<p>&#8211; Comunicar \u00e0 Pol\u00edcia qualquer situa\u00e7\u00e3o suspeita de que se aperceba junto \u00e0 sua resid\u00eancia ou \u00e0 resid\u00eancia dos seus vizinhos, ajudando-nos a garantir mais e melhor seguran\u00e7a.<\/p>\n<p>A terminar a PSP &#8220;pela ainda \u00e0 den\u00fancia de todos os crimes de que se tenha conhecimento [&#8230;] e relembra que quanto mais c\u00e9lere for esta den\u00fancia, mais depressa ser\u00e3o efetuadas dilig\u00eancias para se chegar \u00e0 identifica\u00e7\u00e3o do(s) autor(es) do(s) crime(s)&#8221;, acrescenta.<\/p>\n<p>com Lusa<\/p>\n","protected":false},"excerpt":{"rendered":"A PSP registou no primeiro semestre deste ano 2521 furtos a casas, menos 103 do que em igual&hellip;\n","protected":false},"author":2,"featured_media":68727,"comment_status":"","ping_status":"","sticky":false,"template":"","format":"standard","meta":{"footnotes":""},"categories":[8],"tags":[18637,27,28,15,16,14,25,26,21,22,12,13,19,20,32,23,24,1306,33,1717,17,18,29,30,31],"class_list":{"0":"post-68726","1":"post","2":"type-post","3":"status-publish","4":"format-standard","5":"has-post-thumbnail","7":"category-principais-noticias","8":"tag-assaltos-a-residencias","9":"tag-breaking-news","10":"tag-breakingnews","11":"tag-featured-news","12":"tag-featurednews","13":"tag-headlines","14":"tag-latest-news","15":"tag-latestnews","16":"tag-main-news","17":"tag-mainnews","18":"tag-news","19":"tag-noticias","20":"tag-noticias-principais","21":"tag-noticiasprincipais","22":"tag-portugal","23":"tag-principais-noticias","24":"tag-principaisnoticias","25":"tag-psp","26":"tag-pt","27":"tag-seguranca","28":"tag-top-stories","29":"tag-topstories","30":"tag-ultimas","31":"tag-ultimas-noticias","32":"tag-ultimasnoticias"},"share_on_mastodon":{"url":"","error":""},"_links":{"self":[{"href":"https:\/\/www.europesays.com\/pt\/wp-json\/wp\/v2\/posts\/68726","targetHints":{"allow":["GET"]}}],"collection":[{"href":"https:\/\/www.europesays.com\/pt\/wp-json\/wp\/v2\/posts"}],"about":[{"href":"https:\/\/www.europesays.com\/pt\/wp-json\/wp\/v2\/types\/post"}],"author":[{"embeddable":true,"href":"https:\/\/www.europesays.com\/pt\/wp-json\/wp\/v2\/users\/2"}],"replies":[{"embeddable":true,"href":"https:\/\/www.europesays.com\/pt\/wp-json\/wp\/v2\/comments?post=68726"}],"version-history":[{"count":0,"href":"https:\/\/www.europesays.com\/pt\/wp-json\/wp\/v2\/posts\/68726\/revisions"}],"wp:featuredmedia":[{"embeddable":true,"href":"https:\/\/www.europesays.com\/pt\/wp-json\/wp\/v2\/media\/68727"}],"wp:attachment":[{"href":"https:\/\/www.europesays.com\/pt\/wp-json\/wp\/v2\/media?parent=68726"}],"wp:term":[{"taxonomy":"category","embeddable":true,"href":"https:\/\/www.europesays.com\/pt\/wp-json\/wp\/v2\/categories?post=68726"},{"taxonomy":"post_tag","embeddable":true,"href":"https:\/\/www.europesays.com\/pt\/wp-json\/wp\/v2\/tags?post=68726"}],"curies":[{"name":"wp","href":"https:\/\/api.w.org\/{rel}","templated":true}]}}