{"id":68730,"date":"2025-09-12T17:34:09","date_gmt":"2025-09-12T17:34:09","guid":{"rendered":"https:\/\/www.europesays.com\/pt\/68730\/"},"modified":"2025-09-12T17:34:09","modified_gmt":"2025-09-12T17:34:09","slug":"com-viafoto-feffer-planeja-fazer-de-sao-paulo-referencia-global-empresas","status":"publish","type":"post","link":"https:\/\/www.europesays.com\/pt\/68730\/","title":{"rendered":"Com ViaFoto, Feffer planeja fazer de S\u00e3o Paulo refer\u00eancia global | Empresas"},"content":{"rendered":"\n<p class=\" content-text__container \" data-track-category=\"Link no Texto\" data-track-links=\"\"> \u201cEst\u00e1 aqui comigo! Quer ver?\u201d, diz David Feffer enquanto tira o celular do bolso. No aparelho est\u00e1 a que ele considera a foto mais importante de sua vida: uma imagem do pai, o tamb\u00e9m empres\u00e1rio Max Feffer, sentado ao piano. O retrato em preto e branco, de sua autoria, foi feito quando ele tinha 15 anos, no in\u00edcio dos anos 1970. Foi preciso improvisar para alcan\u00e7ar o efeito desejado. O ent\u00e3o adolescente, que viria a comandar a Suzano &#8211; maior fabricante de celulose do mundo e tit\u00e3 global do setor de papel &#8211; envolveu a lente da c\u00e2mera com um cilindro, escurecendo o entorno para destacar o pai, uma de suas maiores influ\u00eancias, e cerc\u00e1-lo de um brilho singular. <\/p>\n","protected":false},"excerpt":{"rendered":"\u201cEst\u00e1 aqui comigo! Quer ver?\u201d, diz David Feffer enquanto tira o celular do bolso. No aparelho est\u00e1 a&hellip;\n","protected":false},"author":2,"featured_media":68731,"comment_status":"","ping_status":"","sticky":false,"template":"","format":"standard","meta":{"footnotes":""},"categories":[144],"tags":[18642,207,205,206,203,201,202,18639,204,114,115,18641,32,18640,33],"class_list":{"0":"post-68730","1":"post","2":"type-post","3":"status-publish","4":"format-standard","5":"has-post-thumbnail","7":"category-arte-e-design","8":"tag-armazenagem-de-mercadorias","9":"tag-arte","10":"tag-arte-e-design","11":"tag-artedesign","12":"tag-arts","13":"tag-arts-and-design","14":"tag-artsanddesign","15":"tag-david-feffer","16":"tag-design","17":"tag-entertainment","18":"tag-entretenimento","19":"tag-fabricacao-de-papel-e-papelao","20":"tag-portugal","21":"tag-producao-de-celulose","22":"tag-pt"},"share_on_mastodon":{"url":"","error":""},"_links":{"self":[{"href":"https:\/\/www.europesays.com\/pt\/wp-json\/wp\/v2\/posts\/68730","targetHints":{"allow":["GET"]}}],"collection":[{"href":"https:\/\/www.europesays.com\/pt\/wp-json\/wp\/v2\/posts"}],"about":[{"href":"https:\/\/www.europesays.com\/pt\/wp-json\/wp\/v2\/types\/post"}],"author":[{"embeddable":true,"href":"https:\/\/www.europesays.com\/pt\/wp-json\/wp\/v2\/users\/2"}],"replies":[{"embeddable":true,"href":"https:\/\/www.europesays.com\/pt\/wp-json\/wp\/v2\/comments?post=68730"}],"version-history":[{"count":0,"href":"https:\/\/www.europesays.com\/pt\/wp-json\/wp\/v2\/posts\/68730\/revisions"}],"wp:featuredmedia":[{"embeddable":true,"href":"https:\/\/www.europesays.com\/pt\/wp-json\/wp\/v2\/media\/68731"}],"wp:attachment":[{"href":"https:\/\/www.europesays.com\/pt\/wp-json\/wp\/v2\/media?parent=68730"}],"wp:term":[{"taxonomy":"category","embeddable":true,"href":"https:\/\/www.europesays.com\/pt\/wp-json\/wp\/v2\/categories?post=68730"},{"taxonomy":"post_tag","embeddable":true,"href":"https:\/\/www.europesays.com\/pt\/wp-json\/wp\/v2\/tags?post=68730"}],"curies":[{"name":"wp","href":"https:\/\/api.w.org\/{rel}","templated":true}]}}