{"id":68734,"date":"2025-09-12T17:36:13","date_gmt":"2025-09-12T17:36:13","guid":{"rendered":"https:\/\/www.europesays.com\/pt\/68734\/"},"modified":"2025-09-12T17:36:13","modified_gmt":"2025-09-12T17:36:13","slug":"vem-ai-em-a-protegida-laura-despede-oscar-e-manda-o-embora-novelas","status":"publish","type":"post","link":"https:\/\/www.europesays.com\/pt\/68734\/","title":{"rendered":"Vem a\u00ed em \u00abA Protegida\u00bb: Laura despede \u00d3scar e manda-o embora &#8211; Novelas"},"content":{"rendered":"<p>Em \u00abA Protegida\u00bb, <a href=\"https:\/\/tvi.iol.pt\/novelas\/search?pagina=1&amp;pesquisa=joaquim+horta\" rel=\"nofollow noopener\" target=\"_blank\">\u00d3scar (Joaquim Horta)<\/a> est\u00e1 reunido com <a href=\"https:\/\/tvi.iol.pt\/novelas\/search?pagina=1&amp;pesquisa=alexandra+lencastre\" rel=\"nofollow noopener\" target=\"_blank\">Laura (Alexandra Lencastre)<\/a>, <a href=\"https:\/\/tvi.iol.pt\/novelas\/ator\/jorge-azevedo\/67ac8611d34e3f0bae9a5724\" wbo-id=\"54\" rel=\"nofollow noopener\" target=\"_blank\">Jorge (Paulo Pires)<\/a>\u00a0e <a href=\"https:\/\/tvi.iol.pt\/novelas\/ator\/virgilio-cruz\/67ac83e1d34e3f0bae9a56e3\" rel=\"nofollow noopener\" target=\"_blank\">Virg\u00edlio (Diogo Morgado)<\/a>. Jorge e Virg\u00edlio acham que o que aconteceu \u00e9 de uma enorme falta de compet\u00eancia e n\u00e3o pode voltar a acontecer. \u00d3scar n\u00e3o percebe o que pode ter acontecido, pois os seus homens garantem quem n\u00e3o entrou ningu\u00e9m estranho em casa. Laura tenta serenar os \u00e2nimos.<\/p>\n<p>Laura informa \u00d3scar e a sua equipa que os seus servi\u00e7os terminaram. \u00d3scar quer falar com a equipa. Laura pede-lhe para o fazer longe dali e \u00d3scar n\u00e3o gosta. Ele pergunta-lhe se est\u00e1 determinada em afast\u00e1-lo da sua vida e Laura pede-lhe para n\u00e3o misturar as coisas. Laura manda-o embora, apesar de lhe custe fazer aquilo.<\/p>\n<p>Recorde-se que havia um clima de romance entre Laura e \u00d3scar:<\/p>\n","protected":false},"excerpt":{"rendered":"Em \u00abA Protegida\u00bb, \u00d3scar (Joaquim Horta) est\u00e1 reunido com Laura (Alexandra Lencastre), Jorge (Paulo Pires)\u00a0e Virg\u00edlio (Diogo Morgado).&hellip;\n","protected":false},"author":2,"featured_media":68735,"comment_status":"","ping_status":"","sticky":false,"template":"","format":"standard","meta":{"footnotes":""},"categories":[142],"tags":[168,882,160,166,114,115,157,167,1406,164,885,161,1409,158,165,159,32,33,156,163,151,162],"class_list":{"0":"post-68734","1":"post","2":"type-post","3":"status-publish","4":"format-standard","5":"has-post-thumbnail","7":"category-tv","8":"tag-a-protegida","9":"tag-alexandra-lencastre","10":"tag-ana-guiomar","11":"tag-cristina-ferreira","12":"tag-entertainment","13":"tag-entretenimento","14":"tag-festa-e-festa","15":"tag-ficcao","16":"tag-joaquim-horta","17":"tag-jose-fidalgo","18":"tag-laura","19":"tag-novelas","20":"tag-oscar","21":"tag-para-sempre","22":"tag-pedro-sousa","23":"tag-pedro-teixeira","24":"tag-portugal","25":"tag-pt","26":"tag-queridos-papas","27":"tag-tiago-teotonio-pereira","28":"tag-tv","29":"tag-tvi"},"share_on_mastodon":{"url":"","error":""},"_links":{"self":[{"href":"https:\/\/www.europesays.com\/pt\/wp-json\/wp\/v2\/posts\/68734","targetHints":{"allow":["GET"]}}],"collection":[{"href":"https:\/\/www.europesays.com\/pt\/wp-json\/wp\/v2\/posts"}],"about":[{"href":"https:\/\/www.europesays.com\/pt\/wp-json\/wp\/v2\/types\/post"}],"author":[{"embeddable":true,"href":"https:\/\/www.europesays.com\/pt\/wp-json\/wp\/v2\/users\/2"}],"replies":[{"embeddable":true,"href":"https:\/\/www.europesays.com\/pt\/wp-json\/wp\/v2\/comments?post=68734"}],"version-history":[{"count":0,"href":"https:\/\/www.europesays.com\/pt\/wp-json\/wp\/v2\/posts\/68734\/revisions"}],"wp:featuredmedia":[{"embeddable":true,"href":"https:\/\/www.europesays.com\/pt\/wp-json\/wp\/v2\/media\/68735"}],"wp:attachment":[{"href":"https:\/\/www.europesays.com\/pt\/wp-json\/wp\/v2\/media?parent=68734"}],"wp:term":[{"taxonomy":"category","embeddable":true,"href":"https:\/\/www.europesays.com\/pt\/wp-json\/wp\/v2\/categories?post=68734"},{"taxonomy":"post_tag","embeddable":true,"href":"https:\/\/www.europesays.com\/pt\/wp-json\/wp\/v2\/tags?post=68734"}],"curies":[{"name":"wp","href":"https:\/\/api.w.org\/{rel}","templated":true}]}}