{"id":68770,"date":"2025-09-12T17:58:14","date_gmt":"2025-09-12T17:58:14","guid":{"rendered":"https:\/\/www.europesays.com\/pt\/68770\/"},"modified":"2025-09-12T17:58:14","modified_gmt":"2025-09-12T17:58:14","slug":"presidente-dos-bispos-nao-reconhece-como-catolicos-quem-e-contra-imigrantes-e-promove-xenofobia","status":"publish","type":"post","link":"https:\/\/www.europesays.com\/pt\/68770\/","title":{"rendered":"Presidente dos bispos n\u00e3o reconhece como cat\u00f3licos quem \u00e9 contra imigrantes e promove xenofobia"},"content":{"rendered":"<p>O presidente da Confer\u00eancia Episcopal Portuguesa (CEP) citou Jesus Cristo para dizer que n\u00e3o considera cat\u00f3licos quem se afirma crente e tem um discurso contra os imigrantes e contra o acolhimento.<\/p>\n<p>&#8220;Isso \u00e9 o que, a mim, mais me custa entender em tudo isto&#8221;, disse Jos\u00e9 Ornelas, confrontado com o facto de muito do discurso xen\u00f3fobo, populista e anti-imigrantes invocar a f\u00e9 cat\u00f3lica e a matriz judaico-crist\u00e3 da Europa.<\/p>\n<p>Numa confer\u00eancia ap\u00f3s o XVI Encontro de Bispos dos Pa\u00edses Lus\u00f3fonos, Jos\u00e9 Ornelas citou o que respondeu Jesus Cristo aos seus contempor\u00e2neos que o acusavam de violar a f\u00e9 judaica em que havia sido criado: &#8220;A resposta \u00e9 &#8216;n\u00e3o vos conhe\u00e7o'&#8221;.<\/p>\n<p>&#8220;<strong>N\u00e3o s\u00f3 precisamos de imigrantes, mas precisamos de evoluir&#8221; e deixar de ter uma &#8220;cultura de medo<\/strong>&#8220;, algo que as leis propostas (da nacionalidade e estrangeiros) parecem acentuar, alertou Jos\u00e9 Ornelas.<\/p>\n<p>Nesta altera\u00e7\u00e3o prevista, &#8220;o que tem mais [nos diplomas] \u00e9 proibi\u00e7\u00e3o e a preocupa\u00e7\u00e3o com o medo que se gerou&#8221;, enquanto, em contrapartida, a reda\u00e7\u00e3o proposta \u00e9 &#8220;muito, muito parca naquilo que \u00e9 o dever, a necessidade e o desafio da integra\u00e7\u00e3o&#8221; dos imigrantes, um tema em que, &#8220;praticamente, o discurso desapareceu&#8221;, considerou Ornelas.<\/p>\n<p>Contra os &#8220;populismos manipuladores&#8221;<\/p>\n<p style=\"text-align: start;\">J\u00e1 na ter\u00e7a-feira, representantes das igrejas cat\u00f3licas de l\u00edngua portuguesa tinham contestado os \u201cpopulismos manipuladores\u201d que impedem o acolhimento, \u201cnum momento em que o mundo atravessa uma noite densa de escurid\u00e3o\u201d, causada pelas guerras e pela viol\u00eancia.<\/p>\n<p style=\"text-align: start;\">Na abertura dos trabalhos do 16.\u00ba Encontro de Bispos Lus\u00f3fonos, que decorreu esta semana em Lisboa, o presidente da Confer\u00eancia Episcopal Portuguesa (CEP), Jos\u00e9 Ornelas, recordou que a Igreja ensina que o pr\u00f3ximo, \u201cindependentemente da ra\u00e7a, acento lingu\u00edstico ou cultura\u201d, \u00e9 irm\u00e3o de f\u00e9.<\/p>\n<p style=\"text-align: start;\">Cabe \u00e0 hierarquia contribuir para uma cultura que leve os governantes a \u201cn\u00e3o cederem a populismos manipuladores, a serem verdadeiramente respons\u00e1veis no acolhimento e a saberem integrar os que chegam, na dignidade e na justi\u00e7a\u201d, acrescentou.  \u201cA colabora\u00e7\u00e3o das nossas Igrejas neste campo parece-me um tema crucial para o mundo de hoje e para preparar um futuro melhor para os nossos povos\u201d, afirmou o dirigente portugu\u00eas, na presen\u00e7a de representantes das Igrejas de Angola, Brasil, Cabo Verde, Mo\u00e7ambique, Timor-Leste e S\u00e3o Tom\u00e9 e Pr\u00edncipe.<\/p>\n<p style=\"text-align: start;\">Por seu turno, Jos\u00e9 Manuel Imbamba, presidente da Confer\u00eancia Episcopal de Angola e S\u00e3o Tom\u00e9, recordou que o encontro \u201cacontece num momento em que <strong>o mundo atravessa uma noite densa de escurid\u00e3o<\/strong> devido ao amontoar-se de tens\u00f5es entre os Estados e de guerras, umas amplamente mediatizadas e outras esquecidas ou silenciadas, que se disseminam praticamente em todos os continentes, cujos horrores e crueldades bradam os c\u00e9us\u201d.<\/p>\n<p style=\"text-align: start;\">\u201cEssa cultura da viol\u00eancia tem provocado mortes indiscriminadas, movimenta\u00e7\u00f5es for\u00e7adas de pessoas e fam\u00edlias; tem produzido inseguran\u00e7a, incertezas e medos e tem lesado gravemente a dignidade da pessoa humana\u201d, avisou o bispo.<\/p>\n<p style=\"text-align: start;\">O tamb\u00e9m respons\u00e1vel da diocese angolana de Saurimo, alertou que se est\u00e1 \u201ca agudizar ainda mais a crise do direito internacional, a pobreza, a injusti\u00e7a social, o desrespeito pela vida e a proporcionar um ambiente em que a mentira vale mais do que a verdade, o mal vale mais do que bem\u201d e que \u201cos valores instrumentais valem mais do que os valores absolutos\u201d.<\/p>\n<p style=\"text-align: start;\">Perante esta crise de valores, \u201c<strong>as Igrejas de express\u00e3o portuguesa pretendem ser pontes que unem<\/strong>\u201d as sociedades dos v\u00e1rios pa\u00edses, procurando \u201cfazer da hospitalidade um caminho indispens\u00e1vel para a promo\u00e7\u00e3o da cultura do encontro enriquecedor, do abra\u00e7o acolhedor, da inclus\u00e3o dignificante, do di\u00e1logo integrativo, da justi\u00e7a restauradora, do amor renovador e da paz libertadora\u201d, disse Imbamba.<\/p>\n<p style=\"text-align: start;\">Por seu turno, Jos\u00e9 Ornelas criticou a tentativa atual da humanidade de construir uma Torre de Babel, \u201csem Deus\u201d, um \u201cprojeto humano que quer fazer-se grande\u201d e que imp\u00f5e a mesma l\u00edngua a todos, sem respeito da diversidade.<\/p>\n<p style=\"text-align: start;\">Pelo contr\u00e1rio, defendeu uma \u201cbusca da internacionalidade e interculturalidade\u201d que respeite os valores de cada comunidade, recordando que a Igreja tem procurado, \u201cem cada \u00e9poca da hist\u00f3ria, criar unidade na diversidade\u201d. O objetivo \u201cn\u00e3o \u00e9 conquistar o mundo, submet\u00ea-lo a um projeto \u00fanico, humano\u201d, mas \u201cgarantir a diversidade\u201d, explicou.<\/p>\n<p style=\"text-align: start;\">O tamb\u00e9m bispo de Leiria-F\u00e1tima reconheceu que a Igreja tem um passado sombrio no que respeita \u00e0 rela\u00e7\u00e3o com os pa\u00edses colonizados pela Europa.<\/p>\n<p style=\"text-align: start;\">\u201cA par do an\u00fancio congregador e libertador, fraterno e universal da mensagem crist\u00e3\u201d, o prop\u00f3sito da Igreja cobriu-se \u201ctamb\u00e9m de sombras e foi contempor\u00e2neo silencioso e, por vezes, conivente, de crimes de abuso de poder e de atentado \u00e0 dignidade das popula\u00e7\u00f5es e culturas, de que a escravatura humana \u00e9 esc\u00e2ndalo e ferida, que n\u00e3o se pode esquecer\u201d, afirmou o respons\u00e1vel da Igreja Cat\u00f3lica portuguesa.<\/p>\n<p style=\"text-align: start;\">\u201cA verdade purificadora da mem\u00f3ria comum \u00e9 necess\u00e1ria para sarar feridas e criar um futuro de aut\u00eantica fraternidade\u201d, acrescentou Ornelas, que tamb\u00e9m abordou os problemas das migra\u00e7\u00f5es e da mobilidade humana.<\/p>\n<p style=\"text-align: start;\">\u201cEsta mobilidade \u00e9 objeto de muita discuss\u00e3o, manipula\u00e7\u00e3o e oportunismo, cuja fatura \u00e9 paga pelos mais d\u00e9beis, que andam \u00e0 procura de vida digna para si e as suas fam\u00edlias\u201d e \u201c\u00e9 um tema que n\u00e3o pode passar ao lado das nossas preocupa\u00e7\u00f5es\u201d, disse.<\/p>\n<p style=\"text-align: start;\">\u201cA Igreja \u00e9 peregrina por natureza: prepara-se para partir, acompanha os que partem, para que n\u00e3o caiam nas m\u00e3os de oportunistas e traficantes, e acolhe aqueles que chegam\u201d e, no dia-a-dia, \u201ctem de ser sempre um laborat\u00f3rio e um viveiro de conviv\u00eancias crioulas que geram novas parcerias e solidariedade humana e samaritana\u201d, explicou.<\/p>\n","protected":false},"excerpt":{"rendered":"O presidente da Confer\u00eancia Episcopal Portuguesa (CEP) citou Jesus Cristo para dizer que n\u00e3o considera cat\u00f3licos quem se&hellip;\n","protected":false},"author":2,"featured_media":68771,"comment_status":"","ping_status":"","sticky":false,"template":"","format":"standard","meta":{"footnotes":""},"categories":[50],"tags":[27,28,15,16,14,25,26,21,22,62,12,13,19,20,23,24,17,18,29,30,31,63,64,65],"class_list":{"0":"post-68770","1":"post","2":"type-post","3":"status-publish","4":"format-standard","5":"has-post-thumbnail","7":"category-mundo","8":"tag-breaking-news","9":"tag-breakingnews","10":"tag-featured-news","11":"tag-featurednews","12":"tag-headlines","13":"tag-latest-news","14":"tag-latestnews","15":"tag-main-news","16":"tag-mainnews","17":"tag-mundo","18":"tag-news","19":"tag-noticias","20":"tag-noticias-principais","21":"tag-noticiasprincipais","22":"tag-principais-noticias","23":"tag-principaisnoticias","24":"tag-top-stories","25":"tag-topstories","26":"tag-ultimas","27":"tag-ultimas-noticias","28":"tag-ultimasnoticias","29":"tag-world","30":"tag-world-news","31":"tag-worldnews"},"share_on_mastodon":{"url":"","error":""},"_links":{"self":[{"href":"https:\/\/www.europesays.com\/pt\/wp-json\/wp\/v2\/posts\/68770","targetHints":{"allow":["GET"]}}],"collection":[{"href":"https:\/\/www.europesays.com\/pt\/wp-json\/wp\/v2\/posts"}],"about":[{"href":"https:\/\/www.europesays.com\/pt\/wp-json\/wp\/v2\/types\/post"}],"author":[{"embeddable":true,"href":"https:\/\/www.europesays.com\/pt\/wp-json\/wp\/v2\/users\/2"}],"replies":[{"embeddable":true,"href":"https:\/\/www.europesays.com\/pt\/wp-json\/wp\/v2\/comments?post=68770"}],"version-history":[{"count":0,"href":"https:\/\/www.europesays.com\/pt\/wp-json\/wp\/v2\/posts\/68770\/revisions"}],"wp:featuredmedia":[{"embeddable":true,"href":"https:\/\/www.europesays.com\/pt\/wp-json\/wp\/v2\/media\/68771"}],"wp:attachment":[{"href":"https:\/\/www.europesays.com\/pt\/wp-json\/wp\/v2\/media?parent=68770"}],"wp:term":[{"taxonomy":"category","embeddable":true,"href":"https:\/\/www.europesays.com\/pt\/wp-json\/wp\/v2\/categories?post=68770"},{"taxonomy":"post_tag","embeddable":true,"href":"https:\/\/www.europesays.com\/pt\/wp-json\/wp\/v2\/tags?post=68770"}],"curies":[{"name":"wp","href":"https:\/\/api.w.org\/{rel}","templated":true}]}}