{"id":68786,"date":"2025-09-12T18:14:19","date_gmt":"2025-09-12T18:14:19","guid":{"rendered":"https:\/\/www.europesays.com\/pt\/68786\/"},"modified":"2025-09-12T18:14:19","modified_gmt":"2025-09-12T18:14:19","slug":"apanhado-no-reino-unido-homem-que-roubou-ourivesaria-em-sintra-ha-mais-de-10-anos","status":"publish","type":"post","link":"https:\/\/www.europesays.com\/pt\/68786\/","title":{"rendered":"Apanhado no Reino Unido homem que roubou ourivesaria em Sintra h\u00e1 mais de 10 anos"},"content":{"rendered":"<p>A Pol\u00edcia Judici\u00e1ria (PJ), localizou, deteve e extraditou para Portugal um cidad\u00e3o estrangeiro de 33 anos, fortemente indiciado pelos crimes de roubo agravado e sequestro, ocorridos a 28 de maio de 2013, numa ourivesaria situada no concelho de Sintra.<\/p>\n<p>A opera\u00e7\u00e3o foi concretizada com o apoio das autoridades policiais e judici\u00e1rias do Reino Unido, no \u00e2mbito da coopera\u00e7\u00e3o internacional em mat\u00e9ria de justi\u00e7a criminal.<\/p>\n<p><strong>Roubo violento com arma el\u00e9trica<\/strong><\/p>\n<p>De acordo com as autoridades, o suspeito ter\u00e1 entrado no estabelecimento simulando interesse em diversas pe\u00e7as de joalharia. Munido de uma arma el\u00e9trica dissimulada em forma de soqueira, atacou o propriet\u00e1rio com um choque el\u00e9trico, tendo posteriormente amarrando-lhe as m\u00e3os e tapando-lhe a boca com fita adesiva.<\/p>\n<p>A v\u00edtima foi arrastada para a zona de armaz\u00e9m e foi imobilizada, ficando abandonada enquanto o agressor subtra\u00eda v\u00e1rias pe\u00e7as em ouro, incluindo alian\u00e7as, an\u00e9is, brincos, pulseiras, fios e medalhas. O valor total do furto foi estimado em cerca de 30 mil euros.<\/p>\n<p><strong>Mandado europeu de deten\u00e7\u00e3o e extradi\u00e7\u00e3o<\/strong><\/p>\n<p>A investiga\u00e7\u00e3o, conduzida pela PJ com o apoio do Laborat\u00f3rio de Pol\u00edcia Cient\u00edfica, permitiu reunir elementos probat\u00f3rios que levaram \u00e0 identifica\u00e7\u00e3o do autor. Foi ent\u00e3o emitido um mandado de deten\u00e7\u00e3o europeu, culminando agora na extradi\u00e7\u00e3o do suspeito para territ\u00f3rio nacional.<\/p>\n<p>A extradi\u00e7\u00e3o foi executada na ter\u00e7a-feira e, j\u00e1 em Portugal, o cidad\u00e3o foi presente a primeiro interrogat\u00f3rio judicial, tendo-lhe sido aplicada a medida de coa\u00e7\u00e3o mais gravosa: a pris\u00e3o preventiva.<\/p>\n","protected":false},"excerpt":{"rendered":"A Pol\u00edcia Judici\u00e1ria (PJ), localizou, deteve e extraditou para Portugal um cidad\u00e3o estrangeiro de 33 anos, fortemente indiciado&hellip;\n","protected":false},"author":2,"featured_media":68787,"comment_status":"","ping_status":"","sticky":false,"template":"","format":"standard","meta":{"footnotes":"","_share_on_mastodon":"0"},"categories":[10],"tags":[27,28,16610,18643,15,16,14,25,26,21,22,12,13,19,20,18421,4107,32,23,24,33,713,5941,798,1913,17,18,29,30,31],"class_list":["post-68786","post","type-post","status-publish","format-standard","has-post-thumbnail","category-portugal","tag-breaking-news","tag-breakingnews","tag-detido","tag-extradicao","tag-featured-news","tag-featurednews","tag-headlines","tag-latest-news","tag-latestnews","tag-main-news","tag-mainnews","tag-news","tag-noticias","tag-noticias-principais","tag-noticiasprincipais","tag-ourivesaria","tag-pj","tag-portugal","tag-principais-noticias","tag-principaisnoticias","tag-pt","tag-reino-unido","tag-roubo","tag-sequestro","tag-sintra","tag-top-stories","tag-topstories","tag-ultimas","tag-ultimas-noticias","tag-ultimasnoticias"],"share_on_mastodon":{"url":"","error":""},"_links":{"self":[{"href":"https:\/\/www.europesays.com\/pt\/wp-json\/wp\/v2\/posts\/68786","targetHints":{"allow":["GET"]}}],"collection":[{"href":"https:\/\/www.europesays.com\/pt\/wp-json\/wp\/v2\/posts"}],"about":[{"href":"https:\/\/www.europesays.com\/pt\/wp-json\/wp\/v2\/types\/post"}],"author":[{"embeddable":true,"href":"https:\/\/www.europesays.com\/pt\/wp-json\/wp\/v2\/users\/2"}],"replies":[{"embeddable":true,"href":"https:\/\/www.europesays.com\/pt\/wp-json\/wp\/v2\/comments?post=68786"}],"version-history":[{"count":0,"href":"https:\/\/www.europesays.com\/pt\/wp-json\/wp\/v2\/posts\/68786\/revisions"}],"wp:featuredmedia":[{"embeddable":true,"href":"https:\/\/www.europesays.com\/pt\/wp-json\/wp\/v2\/media\/68787"}],"wp:attachment":[{"href":"https:\/\/www.europesays.com\/pt\/wp-json\/wp\/v2\/media?parent=68786"}],"wp:term":[{"taxonomy":"category","embeddable":true,"href":"https:\/\/www.europesays.com\/pt\/wp-json\/wp\/v2\/categories?post=68786"},{"taxonomy":"post_tag","embeddable":true,"href":"https:\/\/www.europesays.com\/pt\/wp-json\/wp\/v2\/tags?post=68786"}],"curies":[{"name":"wp","href":"https:\/\/api.w.org\/{rel}","templated":true}]}}