{"id":68788,"date":"2025-09-12T18:15:16","date_gmt":"2025-09-12T18:15:16","guid":{"rendered":"https:\/\/www.europesays.com\/pt\/68788\/"},"modified":"2025-09-12T18:15:16","modified_gmt":"2025-09-12T18:15:16","slug":"sporting-define-primeiro-objetivo-para-o-mercado-de-janeiro-de-2026","status":"publish","type":"post","link":"https:\/\/www.europesays.com\/pt\/68788\/","title":{"rendered":"Sporting define primeiro objetivo para o mercado de janeiro de 2026"},"content":{"rendered":"<p><strong>O Sporting vai mexer-se no mercado de transfer\u00eancias de inverno. O emblema de Alvalade pretende contratar um novo defesa central.<\/strong><\/p>\n<p>O Sporting est\u00e1 a pensar seriamente em avan\u00e7ar para a contrata\u00e7\u00e3o de um defesa central na pr\u00f3xima janela de transfer\u00eancias. A informa\u00e7\u00e3o est\u00e1 a ser avan\u00e7ada pelo jornal A Bola. O conjunto de Alvalade quer colmatar a aus\u00eancia de Ousmane Diomande, que ser\u00e1 convocado para a pr\u00f3xima edi\u00e7\u00e3o da CAN.<\/p>\n<p>Os le\u00f5es contam com mais tr\u00eas centrais no plantel: Eduardo Quaresma, <a href=\"https:\/\/bolanarede.pt\/etiqueta\/goncalo-inacio\/\" target=\"_blank\" rel=\"noreferrer noopener nofollow\">Gon\u00e7alo In\u00e1cio<\/a> e Zeno Debast. Ainda assim, nenhum dos jogadores contam com as carater\u00edsticas de Ousmane Diomande, Jeremiah St. Juste foi relegado para a equipa B e n\u00e3o vai voltar \u00e0s op\u00e7\u00f5es de Rui Borges.<\/p>\n<p>Bruno Ramos, jovem promessa que est\u00e1 nos B\u2019s poder\u00e1 ser promovido, mas uma ida ao mercado \u00e9 vista como praticamente uma certeza.<\/p>\n","protected":false},"excerpt":{"rendered":"O Sporting vai mexer-se no mercado de transfer\u00eancias de inverno. O emblema de Alvalade pretende contratar um novo&hellip;\n","protected":false},"author":2,"featured_media":42424,"comment_status":"","ping_status":"","sticky":false,"template":"","format":"standard","meta":{"footnotes":""},"categories":[8],"tags":[260,27,28,478,15,16,14,25,26,21,22,12,13,19,20,4618,32,479,23,24,33,34,17,18,29,30,31],"class_list":{"0":"post-68788","1":"post","2":"type-post","3":"status-publish","4":"format-standard","5":"has-post-thumbnail","7":"category-principais-noticias","8":"tag-atualidade","9":"tag-breaking-news","10":"tag-breakingnews","11":"tag-destaques-bnr","12":"tag-featured-news","13":"tag-featurednews","14":"tag-headlines","15":"tag-latest-news","16":"tag-latestnews","17":"tag-main-news","18":"tag-mainnews","19":"tag-news","20":"tag-noticias","21":"tag-noticias-principais","22":"tag-noticiasprincipais","23":"tag-ousmane-diomande","24":"tag-portugal","25":"tag-primeira-liga","26":"tag-principais-noticias","27":"tag-principaisnoticias","28":"tag-pt","29":"tag-sporting","30":"tag-top-stories","31":"tag-topstories","32":"tag-ultimas","33":"tag-ultimas-noticias","34":"tag-ultimasnoticias"},"share_on_mastodon":{"url":"","error":""},"_links":{"self":[{"href":"https:\/\/www.europesays.com\/pt\/wp-json\/wp\/v2\/posts\/68788","targetHints":{"allow":["GET"]}}],"collection":[{"href":"https:\/\/www.europesays.com\/pt\/wp-json\/wp\/v2\/posts"}],"about":[{"href":"https:\/\/www.europesays.com\/pt\/wp-json\/wp\/v2\/types\/post"}],"author":[{"embeddable":true,"href":"https:\/\/www.europesays.com\/pt\/wp-json\/wp\/v2\/users\/2"}],"replies":[{"embeddable":true,"href":"https:\/\/www.europesays.com\/pt\/wp-json\/wp\/v2\/comments?post=68788"}],"version-history":[{"count":0,"href":"https:\/\/www.europesays.com\/pt\/wp-json\/wp\/v2\/posts\/68788\/revisions"}],"wp:featuredmedia":[{"embeddable":true,"href":"https:\/\/www.europesays.com\/pt\/wp-json\/wp\/v2\/media\/42424"}],"wp:attachment":[{"href":"https:\/\/www.europesays.com\/pt\/wp-json\/wp\/v2\/media?parent=68788"}],"wp:term":[{"taxonomy":"category","embeddable":true,"href":"https:\/\/www.europesays.com\/pt\/wp-json\/wp\/v2\/categories?post=68788"},{"taxonomy":"post_tag","embeddable":true,"href":"https:\/\/www.europesays.com\/pt\/wp-json\/wp\/v2\/tags?post=68788"}],"curies":[{"name":"wp","href":"https:\/\/api.w.org\/{rel}","templated":true}]}}