{"id":6886,"date":"2025-07-29T11:52:05","date_gmt":"2025-07-29T11:52:05","guid":{"rendered":"https:\/\/www.europesays.com\/pt\/6886\/"},"modified":"2025-07-29T11:52:05","modified_gmt":"2025-07-29T11:52:05","slug":"vem-ai-em-a-protegida-anita-esta-de-volta-e-faz-pedido-insolito-a-hector-novelas","status":"publish","type":"post","link":"https:\/\/www.europesays.com\/pt\/6886\/","title":{"rendered":"Vem a\u00ed em \u00abA Protegida\u00bb: Anita est\u00e1 de volta e faz pedido ins\u00f3lito a Hector &#8211; Novelas"},"content":{"rendered":"<p>Em \u00abA Protegida\u00bb, <a href=\"https:\/\/tvi.iol.pt\/novelas\/fotos\/a-protegida-hector-seduz-mariana-com-dia-romantico\/67d7f8f2d34e3f0bae9bb7f9\" rel=\"nofollow noopener\" target=\"_blank\">Hector (Christian Escuredo)<\/a>\u00a0vem a falar ao telem\u00f3vel e fica em choque ao ver <a href=\"https:\/\/tvi.iol.pt\/novelas\/fotos\/exclusivo-a-protegida-num-ato-de-protecao-anita-mata-manuel\/67ffa9abd34ef72ee444d10d\" rel=\"nofollow noopener\" target=\"_blank\">Anita (Marina Mota)<\/a>. Apesar de tudo, abra\u00e7a a m\u00e3e, comovido. Hector diz \u00e0 m\u00e3e que n\u00e3o pode estar ali, mas ela diz que n\u00e3o s\u00f3 pode como deve, pois, percebeu que ele precisa de si.<\/p>\n<p>Filipe (Jo\u00e3o Pedro Dantas) conta a Anita que Hector anda metido em neg\u00f3cios ilegais e que a pol\u00edcia lhe vai bater \u00e0 porta. Depois desliga a chamada e sente-se vingado.<\/p>\n<p>Anita entrega uma mala a Hector e diz-lhe que est\u00e3o ali v\u00e1rios objetos de valor que eram do av\u00f4 dele, que o podem ajudar nesta fase dif\u00edcil. Anita acha que Hector devia passar o turismo rural e o restaurante para o nome dela, antes que fique com os bens congelados. Hector teme que a m\u00e3e esteja a ter uma crise e aconselha-a a descansar.<\/p>\n<p>Recorde-se que Anita foi para um lar:<\/p>\n","protected":false},"excerpt":{"rendered":"Em \u00abA Protegida\u00bb, Hector (Christian Escuredo)\u00a0vem a falar ao telem\u00f3vel e fica em choque ao ver Anita (Marina&hellip;\n","protected":false},"author":2,"featured_media":6887,"comment_status":"","ping_status":"","sticky":false,"template":"","format":"standard","meta":{"footnotes":""},"categories":[142],"tags":[168,160,3485,1085,166,114,115,157,167,1087,164,3484,161,158,165,159,32,33,156,163,151,162],"class_list":{"0":"post-6886","1":"post","2":"type-post","3":"status-publish","4":"format-standard","5":"has-post-thumbnail","7":"category-tv","8":"tag-a-protegida","9":"tag-ana-guiomar","10":"tag-anita","11":"tag-christian-escuredo","12":"tag-cristina-ferreira","13":"tag-entertainment","14":"tag-entretenimento","15":"tag-festa-e-festa","16":"tag-ficcao","17":"tag-hector","18":"tag-jose-fidalgo","19":"tag-marina-mota","20":"tag-novelas","21":"tag-para-sempre","22":"tag-pedro-sousa","23":"tag-pedro-teixeira","24":"tag-portugal","25":"tag-pt","26":"tag-queridos-papas","27":"tag-tiago-teotonio-pereira","28":"tag-tv","29":"tag-tvi"},"share_on_mastodon":{"url":"","error":""},"_links":{"self":[{"href":"https:\/\/www.europesays.com\/pt\/wp-json\/wp\/v2\/posts\/6886","targetHints":{"allow":["GET"]}}],"collection":[{"href":"https:\/\/www.europesays.com\/pt\/wp-json\/wp\/v2\/posts"}],"about":[{"href":"https:\/\/www.europesays.com\/pt\/wp-json\/wp\/v2\/types\/post"}],"author":[{"embeddable":true,"href":"https:\/\/www.europesays.com\/pt\/wp-json\/wp\/v2\/users\/2"}],"replies":[{"embeddable":true,"href":"https:\/\/www.europesays.com\/pt\/wp-json\/wp\/v2\/comments?post=6886"}],"version-history":[{"count":0,"href":"https:\/\/www.europesays.com\/pt\/wp-json\/wp\/v2\/posts\/6886\/revisions"}],"wp:featuredmedia":[{"embeddable":true,"href":"https:\/\/www.europesays.com\/pt\/wp-json\/wp\/v2\/media\/6887"}],"wp:attachment":[{"href":"https:\/\/www.europesays.com\/pt\/wp-json\/wp\/v2\/media?parent=6886"}],"wp:term":[{"taxonomy":"category","embeddable":true,"href":"https:\/\/www.europesays.com\/pt\/wp-json\/wp\/v2\/categories?post=6886"},{"taxonomy":"post_tag","embeddable":true,"href":"https:\/\/www.europesays.com\/pt\/wp-json\/wp\/v2\/tags?post=6886"}],"curies":[{"name":"wp","href":"https:\/\/api.w.org\/{rel}","templated":true}]}}