{"id":68881,"date":"2025-09-12T19:21:11","date_gmt":"2025-09-12T19:21:11","guid":{"rendered":"https:\/\/www.europesays.com\/pt\/68881\/"},"modified":"2025-09-12T19:21:11","modified_gmt":"2025-09-12T19:21:11","slug":"catarina-miranda-alvo-de-novo-ataque-por-ex-colegas-da-cmtv-e-um-carrapato","status":"publish","type":"post","link":"https:\/\/www.europesays.com\/pt\/68881\/","title":{"rendered":"Catarina Miranda alvo de novo &#8216;ataque&#8217; por ex-colegas da CMTV: &#8220;\u00c9 um carrapato&#8221;"},"content":{"rendered":"<p>\t\t\t\t\t\t\t\t\t\t\t\t<a href=\"#\" onclick=\"window.open('http:\/\/www.facebook.com\/sharer.php?u=https:\/\/cusquices.com\/catarina-miranda-alvo-de-novo-ataque-por-ex-colegas-da-cmtv-e-um-carrapato\/&amp;t=Catarina Miranda alvo de novo \u2018ataque\u2019 por ex-colegas da CMTV: \u201c\u00c9 um carrapato\u201d', 'facebookShare', 'width=626,height=436'); return false;\" title=\"Share on Facebook\"><\/p>\n<p>Share<\/p>\n<p><\/a><br \/>\n\t\t\t\t\t\t\t\t\t\t\t\t<a href=\"#\" onclick=\"window.open('http:\/\/twitter.com\/share?text=Catarina Miranda alvo de novo \u2018ataque\u2019 por ex-colegas da CMTV: \u201c\u00c9 um carrapato\u201d -&amp;url=https:\/\/cusquices.com\/catarina-miranda-alvo-de-novo-ataque-por-ex-colegas-da-cmtv-e-um-carrapato\/', 'twitterShare', 'width=626,height=436'); return false;\" title=\"Tweet This Post\"><\/p>\n<p>Tweet<\/p>\n<p><\/a><br \/>\n\t\t\t\t\t\t\t\t\t\t\t\t<a href=\"whatsapp:\/\/send?text=Catarina Miranda alvo de novo \u2018ataque\u2019 por ex-colegas da CMTV: \u201c\u00c9 um carrapato\u201d https:\/\/cusquices.com\/catarina-miranda-alvo-de-novo-ataque-por-ex-colegas-da-cmtv-e-um-carrapato\/\" rel=\"nofollow\"><\/p>\n<p>Share<\/p>\n<p><\/a><br \/>\n\t\t\t\t\t\t\t\t\t\t\t\t<a href=\"#\" onclick=\"window.open('http:\/\/pinterest.com\/pin\/create\/button\/?url=https:\/\/cusquices.com\/catarina-miranda-alvo-de-novo-ataque-por-ex-colegas-da-cmtv-e-um-carrapato\/&amp;media=https:\/\/cusquices.com\/wp-content\/uploads\/2025\/09\/cmiranda-1000x600.jpg&amp;description=Catarina Miranda alvo de novo \u2018ataque\u2019 por ex-colegas da CMTV: \u201c\u00c9 um carrapato\u201d', 'pinterestShare', 'width=750,height=350'); return false;\" title=\"Pin This Post\"><\/p>\n<p>Share<\/p>\n<p><\/a><br \/>\n\t\t\t\t\t\t\t\t\t\t\t\t<a href=\"mailto:?subject=Catarina Miranda alvo de novo \u2018ataque\u2019 por ex-colegas da CMTV: \u201c\u00c9 um carrapato\u201d&amp;BODY=I found this article interesting and thought of sharing it with you. Check it out: https:\/\/cusquices.com\/catarina-miranda-alvo-de-novo-ataque-por-ex-colegas-da-cmtv-e-um-carrapato\/\"><\/p>\n<p>Email<\/p>\n<p><\/a><br \/>\n\t\t\t\t\t\t\t\t\t\t\t\t\t\t\t\t\t\t\t\t\t\t\t\t\t\t\t\t\t\t\t\t\t\t\t\t\t\t\t\t\t\t\t\t\t\t\t\t\t\t\t\t\t<a href=\"https:\/\/cusquices.com\/catarina-miranda-alvo-de-novo-ataque-por-ex-colegas-da-cmtv-e-um-carrapato\/#respond\" rel=\"nofollow noopener\" target=\"_blank\"><\/p>\n<p>Catarina Miranda continua a ser alvo de \u2018gozo\u2019 por parte dos ex-colegas da CMTV.<\/p>\n<p>No Especial Big Brother transmitido esta quinta-feira, 11 de setembro, Catarina Miranda falou sobre um detalhe pessoal que marcou a sua inf\u00e2ncia. A concorrente foi confrontada com imagens da sua c\u00e1psula do tempo, onde tinha recebido v\u00e1rias fotografias da sua inf\u00e2ncia enviadas pela fam\u00edlia, e emocionou-se ao recordar epis\u00f3dios relacionados com o sinal que tem na cara.<\/p>\n<p><strong>\u201cNunca afetou a minha autoestima, porque a minha m\u00e3e sempre me disse \u2018que se Deus me deu este corpo e esta cara, \u00e9 porque achou que eu ia triunfar com ele\u2019. (\u2026) O que me afetava mais era o meu sinal. (\u2026)  Eu n\u00e3o nasci com ele, foi crescendo, e fui muito escola gozada na escola por isso, sofria muito com isso na altura. Houve um dia at\u00e9 tentei espremer o sinal e come\u00e7ou a deitar sangue e a minha m\u00e3e viu.  (\u2026) A minha m\u00e3e apanhou-me e disse que n\u00e3o, que era o que me fazia diferente, dava-me muito o exemplo da Catarina Furtado (\u2026). Hoje n\u00e3o me imagino sem ele. Se o tivesse tirado, acho que perdia muito da minha identidade\u201d<\/strong>, recordou Catarina Miranda no confession\u00e1rio em conversa com Maria Botelho Moniz.<\/p>\n<p>O tema acabou por ser comentado, em tom de \u2018gozo\u2019, no programa Manh\u00e3 CM, da CMTV, desta manh\u00e3, 12 de setembro. <strong>Rui Oliveira<\/strong> recorreu \u00e0 compara\u00e7\u00e3o com outras figuras p\u00fablicas, ap\u00f3s \u00c1gata Rodrigues ter dito: <strong>\u201cH\u00e1 coisas que ningu\u00e9m nos distingue\u201d.<\/strong> O apresentador respondeu: <strong>\u201cN\u00e3o digas isso, porque eu tamb\u00e9m j\u00e1 sei que h\u00e1 uma que distingue uma coisa que \u00e9 \u00fanica, que \u00e9 distinto das outras duas. \u00c9 um carrapato.\u201d<\/strong><\/p>\n<p>Rui Oliveira prosseguiu com o tom de gozo e atirou:<strong> \u201cO que \u00e9 que distingue? Ia dizer que era a Catarina Furtado, v\u00ea tu bem. Uma Catarina Furtado distingue-se das outras, que \u00e9 bonit\u00edssima, \u00e9 uma mulher lind\u00edssima, bem-feita de corpo, alta, tudo.\u201d<\/strong> <strong>\u00c1gata Rodrigues <\/strong>ainda acrescentou: <strong>\u201csabe que quando vem de dentro a bondade, mata-se o esp\u00edrito.\u201d<\/strong><\/p>\n<p><strong>Leia tamb\u00e9m:<\/strong><\/p>\n<p>\t\t\t\t\t\t\t\t\t\t\t\t\t\t\t\t\t\t\t\t\t\t\t\t\t<img decoding=\"async\" src=\"https:\/\/www.europesays.com\/pt\/wp-content\/uploads\/2025\/09\/1757378181_424_cusquices-logo-52x.png\" class=\"webpexpress-processed\"\/><\/p>\n<p>\t\t\t\t\t\t\t\t\t\t\t\t\t\t\t\t\t\t\t\t\t            \t\t\t\t\t\t\t\t\t\t\t\t\t\t\t\t\t\t\t\t\t\t\t\t\t\t\t\t\t\t\t\t\t\t\t\t\t\t\t<script async src=\"https:\/\/platform.twitter.com\/widgets.js\" charset=\"utf-8\"><\/script><\/p>\n","protected":false},"excerpt":{"rendered":"Share Tweet Share Share Email Catarina Miranda continua a ser alvo de \u2018gozo\u2019 por parte dos ex-colegas da&hellip;\n","protected":false},"author":2,"featured_media":68882,"comment_status":"","ping_status":"","sticky":false,"template":"","format":"standard","meta":{"footnotes":""},"categories":[85],"tags":[48,342,49,114,115,32,33],"class_list":{"0":"post-68881","1":"post","2":"type-post","3":"status-publish","4":"format-standard","5":"has-post-thumbnail","7":"category-entretenimento","8":"tag-big-brother","9":"tag-catarina-miranda","10":"tag-destaques","11":"tag-entertainment","12":"tag-entretenimento","13":"tag-portugal","14":"tag-pt"},"share_on_mastodon":{"url":"","error":""},"_links":{"self":[{"href":"https:\/\/www.europesays.com\/pt\/wp-json\/wp\/v2\/posts\/68881","targetHints":{"allow":["GET"]}}],"collection":[{"href":"https:\/\/www.europesays.com\/pt\/wp-json\/wp\/v2\/posts"}],"about":[{"href":"https:\/\/www.europesays.com\/pt\/wp-json\/wp\/v2\/types\/post"}],"author":[{"embeddable":true,"href":"https:\/\/www.europesays.com\/pt\/wp-json\/wp\/v2\/users\/2"}],"replies":[{"embeddable":true,"href":"https:\/\/www.europesays.com\/pt\/wp-json\/wp\/v2\/comments?post=68881"}],"version-history":[{"count":0,"href":"https:\/\/www.europesays.com\/pt\/wp-json\/wp\/v2\/posts\/68881\/revisions"}],"wp:featuredmedia":[{"embeddable":true,"href":"https:\/\/www.europesays.com\/pt\/wp-json\/wp\/v2\/media\/68882"}],"wp:attachment":[{"href":"https:\/\/www.europesays.com\/pt\/wp-json\/wp\/v2\/media?parent=68881"}],"wp:term":[{"taxonomy":"category","embeddable":true,"href":"https:\/\/www.europesays.com\/pt\/wp-json\/wp\/v2\/categories?post=68881"},{"taxonomy":"post_tag","embeddable":true,"href":"https:\/\/www.europesays.com\/pt\/wp-json\/wp\/v2\/tags?post=68881"}],"curies":[{"name":"wp","href":"https:\/\/api.w.org\/{rel}","templated":true}]}}