{"id":68915,"date":"2025-09-12T20:13:10","date_gmt":"2025-09-12T20:13:10","guid":{"rendered":"https:\/\/www.europesays.com\/pt\/68915\/"},"modified":"2025-09-12T20:13:10","modified_gmt":"2025-09-12T20:13:10","slug":"a-sua-quase-nora-nuno-eiro-ve-futuro-entre-ana-duarte-e-viriato-e-a-mae-do-concorrente-reage-big-brother","status":"publish","type":"post","link":"https:\/\/www.europesays.com\/pt\/68915\/","title":{"rendered":"\u00abA sua quase nora\u00bb: Nuno Eir\u00f3 v\u00ea futuro entre Ana Duarte e Viriato e a m\u00e3e do concorrente reage &#8211; Big Brother"},"content":{"rendered":"<p>No Big Brother Ver\u00e3o, o Especial, conduzido por Nuno Eir\u00f3, houve espa\u00e7o para momentos de boa disposi\u00e7\u00e3o. O apresentador n\u00e3o resistiu a brincar com a proximidade entre Ana Duarte e Viriato, referindo-se a ela como \u00aba sua quase nora\u00bb. A rea\u00e7\u00e3o da m\u00e3e do concorrente n\u00e3o se fez esperar.<\/p>\n<p><strong>No dia da grande final, ESCOLHA O VENCEDOR:<\/strong><\/p>\n<p><strong>AFONSO LEIT\u00c3O &#8211; 761 20 20 01<br \/>CATARINA MIRANDA &#8211; 761 20 20 05<br \/>J\u00c9SSICA VIEIRA &#8211; 761 20 20 07\u00a0<br \/>VIRIATO QUINTELA &#8211; 761 20 20 13<\/strong><\/p>\n<p><a href=\"https:\/\/tvi.iol.pt\/bigbrother\/aominuto\" wbo-id=\"20\" rel=\"nofollow noopener\" target=\"_blank\">Acompanhe aqui tudo o se passa na casa mais vigiada do pa\u00eds!<\/a><\/p>\n","protected":false},"excerpt":{"rendered":"No Big Brother Ver\u00e3o, o Especial, conduzido por Nuno Eir\u00f3, houve espa\u00e7o para momentos de boa disposi\u00e7\u00e3o. O&hellip;\n","protected":false},"author":2,"featured_media":68916,"comment_status":"","ping_status":"","sticky":false,"template":"","format":"standard","meta":{"footnotes":""},"categories":[142],"tags":[340,331,48,329,333,328,335,336,114,115,334,332,330,13,32,33,151,162,227,2262],"class_list":{"0":"post-68915","1":"post","2":"type-post","3":"status-publish","4":"format-standard","5":"has-post-thumbnail","7":"category-tv","8":"tag-ana-duarte","9":"tag-big","10":"tag-big-brother","11":"tag-claudio-ramos","12":"tag-comentadores","13":"tag-concorrentes","14":"tag-confrontos","15":"tag-discussoes","16":"tag-entertainment","17":"tag-entretenimento","18":"tag-exclusivos","19":"tag-expulso","20":"tag-gala","21":"tag-noticias","22":"tag-portugal","23":"tag-pt","24":"tag-tv","25":"tag-tvi","26":"tag-videos","27":"tag-viriato-quintela"},"share_on_mastodon":{"url":"","error":""},"_links":{"self":[{"href":"https:\/\/www.europesays.com\/pt\/wp-json\/wp\/v2\/posts\/68915","targetHints":{"allow":["GET"]}}],"collection":[{"href":"https:\/\/www.europesays.com\/pt\/wp-json\/wp\/v2\/posts"}],"about":[{"href":"https:\/\/www.europesays.com\/pt\/wp-json\/wp\/v2\/types\/post"}],"author":[{"embeddable":true,"href":"https:\/\/www.europesays.com\/pt\/wp-json\/wp\/v2\/users\/2"}],"replies":[{"embeddable":true,"href":"https:\/\/www.europesays.com\/pt\/wp-json\/wp\/v2\/comments?post=68915"}],"version-history":[{"count":0,"href":"https:\/\/www.europesays.com\/pt\/wp-json\/wp\/v2\/posts\/68915\/revisions"}],"wp:featuredmedia":[{"embeddable":true,"href":"https:\/\/www.europesays.com\/pt\/wp-json\/wp\/v2\/media\/68916"}],"wp:attachment":[{"href":"https:\/\/www.europesays.com\/pt\/wp-json\/wp\/v2\/media?parent=68915"}],"wp:term":[{"taxonomy":"category","embeddable":true,"href":"https:\/\/www.europesays.com\/pt\/wp-json\/wp\/v2\/categories?post=68915"},{"taxonomy":"post_tag","embeddable":true,"href":"https:\/\/www.europesays.com\/pt\/wp-json\/wp\/v2\/tags?post=68915"}],"curies":[{"name":"wp","href":"https:\/\/api.w.org\/{rel}","templated":true}]}}