{"id":68921,"date":"2025-09-12T20:18:08","date_gmt":"2025-09-12T20:18:08","guid":{"rendered":"https:\/\/www.europesays.com\/pt\/68921\/"},"modified":"2025-09-12T20:18:08","modified_gmt":"2025-09-12T20:18:08","slug":"quem-sera-o-grande-vencedor-fas-do-big-brother-verao-estao-divididos","status":"publish","type":"post","link":"https:\/\/www.europesays.com\/pt\/68921\/","title":{"rendered":"Quem ser\u00e1 o grande vencedor? F\u00e3s do Big Brother Ver\u00e3o est\u00e3o divididos"},"content":{"rendered":"<p>\t\t\t\t\t\t\t\t\t\t\t\t<a href=\"#\" onclick=\"window.open('http:\/\/www.facebook.com\/sharer.php?u=https:\/\/cusquices.com\/quem-sera-o-grande-vencedor-fas-do-big-brother-verao-estao-divididos\/&amp;t=Quem ser\u00e1 o grande vencedor? F\u00e3s do Big Brother Ver\u00e3o est\u00e3o divididos', 'facebookShare', 'width=626,height=436'); return false;\" title=\"Share on Facebook\"><\/p>\n<p>Share<\/p>\n<p><\/a><br \/>\n\t\t\t\t\t\t\t\t\t\t\t\t<a href=\"#\" onclick=\"window.open('http:\/\/twitter.com\/share?text=Quem ser\u00e1 o grande vencedor? F\u00e3s do Big Brother Ver\u00e3o est\u00e3o divididos -&amp;url=https:\/\/cusquices.com\/quem-sera-o-grande-vencedor-fas-do-big-brother-verao-estao-divididos\/', 'twitterShare', 'width=626,height=436'); return false;\" title=\"Tweet This Post\"><\/p>\n<p>Tweet<\/p>\n<p><\/a><br \/>\n\t\t\t\t\t\t\t\t\t\t\t\t<a href=\"whatsapp:\/\/send?text=Quem ser\u00e1 o grande vencedor? F\u00e3s do Big Brother Ver\u00e3o est\u00e3o divididos https:\/\/cusquices.com\/quem-sera-o-grande-vencedor-fas-do-big-brother-verao-estao-divididos\/\" rel=\"nofollow\"><\/p>\n<p>Share<\/p>\n<p><\/a><br \/>\n\t\t\t\t\t\t\t\t\t\t\t\t<a href=\"#\" onclick=\"window.open('http:\/\/pinterest.com\/pin\/create\/button\/?url=https:\/\/cusquices.com\/quem-sera-o-grande-vencedor-fas-do-big-brother-verao-estao-divididos\/&amp;media=https:\/\/cusquices.com\/wp-content\/uploads\/2025\/09\/finalistasbigv-1000x600.jpg&amp;description=Quem ser\u00e1 o grande vencedor? F\u00e3s do Big Brother Ver\u00e3o est\u00e3o divididos', 'pinterestShare', 'width=750,height=350'); return false;\" title=\"Pin This Post\"><\/p>\n<p>Share<\/p>\n<p><\/a><br \/>\n\t\t\t\t\t\t\t\t\t\t\t\t<a href=\"mailto:?subject=Quem ser\u00e1 o grande vencedor? F\u00e3s do Big Brother Ver\u00e3o est\u00e3o divididos&amp;BODY=I found this article interesting and thought of sharing it with you. Check it out: https:\/\/cusquices.com\/quem-sera-o-grande-vencedor-fas-do-big-brother-verao-estao-divididos\/\"><\/p>\n<p>Email<\/p>\n<p><\/a><br \/>\n\t\t\t\t\t\t\t\t\t\t\t\t\t\t\t\t\t\t\t\t\t\t\t\t\t\t\t\t\t\t\t\t\t\t\t\t\t\t\t\t\t\t\t\t\t\t\t\t\t\t\t\t\t<a href=\"https:\/\/cusquices.com\/quem-sera-o-grande-vencedor-fas-do-big-brother-verao-estao-divididos\/#respond\" rel=\"nofollow noopener\" target=\"_blank\"><\/p>\n<p>F\u00e3s do Big Brother divididos entre dois concorrentes. Quem ir\u00e1 vencer?<\/p>\n<p>O\u00a0<strong>Big Brother Ver\u00e3o\u00a0<\/strong>chega ao fim esta noite, 12 de setembro. <strong>Maria Botelho Moniz <\/strong>conduz a grande final do reality show, que promete muitas emo\u00e7\u00f5es e divers\u00e3o.\u00a0A lutar pelos t\u00e3o desejados 30 mil euros est\u00e3o: <strong>Afonso Leit\u00e3o, Catarina Miranda, J\u00e9ssica Vieira<\/strong> e <strong>Viriato Quintela<\/strong>, mas s\u00f3 um vai vencer.<\/p>\n<p>A\u00a0<strong>TVI\u00a0<\/strong>quis saber a opini\u00e3o dos f\u00e3s do reality e questionou nas redes sociais:<strong> \u201cQuem ser\u00e1 o vencedor?\u201d <\/strong>e os f\u00e3s est\u00e3o divididos \u2013 <strong>Catarina Miranda e J\u00e9ssica Vieira<\/strong> s\u00e3o os nomes mais apontados pelos f\u00e3s do reality show.<\/p>\n<p><strong>\u201cJ\u00e9ssica mais que \u00f3bvio!!\u201d, \u201cSe a Jessica n\u00e3o ganha isto, deixo de ser espectadora da tvi, for\u00e7a Jessica!\u00a0\u201c, \u201cJessica sem d\u00favida alguma!!!\u201d,\u201dA humildade vence sempre, J\u00c9SSICA\u00a0\u201c,  \u201cJessica justa vencedora\u201d, \u201cMiranda sem d\u00favida nenhuma\u201d, \u201cA Catarina j\u00e1 a justa vencedora\u201d, \u201cCatarina a \u00fanica que jogou a s\u00e9rio\u201d, \u201cAcho que ganha a Catarina Miranda.\u201d,<\/strong> s\u00e3o apenas algumas das rea\u00e7\u00f5es.<\/p>\n<blockquote class=\"instagram-media\" data-instgrm-captioned=\"\" data-instgrm-permalink=\"https:\/\/www.instagram.com\/p\/DOgcD5rDOSa\/?utm_source=ig_embed&amp;utm_campaign=loading\" data-instgrm-version=\"14\" style=\" background:#FFF; border:0; border-radius:3px; box-shadow:0 0 1px 0 rgba(0,0,0,0.5),0 1px 10px 0 rgba(0,0,0,0.15); margin: 1px; max-width:540px; min-width:326px; padding:0; width:99.375%; width:-webkit-calc(100% - 2px); width:calc(100% - 2px);\"\/>\n<p><strong>Leia tamb\u00e9m:<\/strong><\/p>\n<p>\t\t\t\t\t\t\t\t\t\t\t\t\t\t\t\t\t\t\t\t\t\t\t\t\t<img decoding=\"async\" src=\"https:\/\/www.europesays.com\/pt\/wp-content\/uploads\/2025\/09\/1757378181_424_cusquices-logo-52x.png\" class=\"webpexpress-processed\"\/><\/p>\n<p>\t\t\t\t\t\t\t\t\t\t\t\t\t\t\t\t\t\t\t\t\t            \t\t\t\t\t\t\t\t\t\t\t\t\t\t\t\t\t\t\t\t\t\t\t\t\t\t\t\t\t\t\t\t\t\t\t\t\t\t\t<script async src=\"https:\/\/platform.twitter.com\/widgets.js\" charset=\"utf-8\"><\/script><script async src=\"\/\/www.instagram.com\/embed.js\"><\/script><\/p>\n","protected":false},"excerpt":{"rendered":"Share Tweet Share Share Email F\u00e3s do Big Brother divididos entre dois concorrentes. Quem ir\u00e1 vencer? O\u00a0Big Brother&hellip;\n","protected":false},"author":2,"featured_media":68922,"comment_status":"","ping_status":"","sticky":false,"template":"","format":"standard","meta":{"footnotes":""},"categories":[85],"tags":[48,49,114,115,32,33],"class_list":{"0":"post-68921","1":"post","2":"type-post","3":"status-publish","4":"format-standard","5":"has-post-thumbnail","7":"category-entretenimento","8":"tag-big-brother","9":"tag-destaques","10":"tag-entertainment","11":"tag-entretenimento","12":"tag-portugal","13":"tag-pt"},"share_on_mastodon":{"url":"","error":""},"_links":{"self":[{"href":"https:\/\/www.europesays.com\/pt\/wp-json\/wp\/v2\/posts\/68921","targetHints":{"allow":["GET"]}}],"collection":[{"href":"https:\/\/www.europesays.com\/pt\/wp-json\/wp\/v2\/posts"}],"about":[{"href":"https:\/\/www.europesays.com\/pt\/wp-json\/wp\/v2\/types\/post"}],"author":[{"embeddable":true,"href":"https:\/\/www.europesays.com\/pt\/wp-json\/wp\/v2\/users\/2"}],"replies":[{"embeddable":true,"href":"https:\/\/www.europesays.com\/pt\/wp-json\/wp\/v2\/comments?post=68921"}],"version-history":[{"count":0,"href":"https:\/\/www.europesays.com\/pt\/wp-json\/wp\/v2\/posts\/68921\/revisions"}],"wp:featuredmedia":[{"embeddable":true,"href":"https:\/\/www.europesays.com\/pt\/wp-json\/wp\/v2\/media\/68922"}],"wp:attachment":[{"href":"https:\/\/www.europesays.com\/pt\/wp-json\/wp\/v2\/media?parent=68921"}],"wp:term":[{"taxonomy":"category","embeddable":true,"href":"https:\/\/www.europesays.com\/pt\/wp-json\/wp\/v2\/categories?post=68921"},{"taxonomy":"post_tag","embeddable":true,"href":"https:\/\/www.europesays.com\/pt\/wp-json\/wp\/v2\/tags?post=68921"}],"curies":[{"name":"wp","href":"https:\/\/api.w.org\/{rel}","templated":true}]}}