{"id":68966,"date":"2025-09-12T21:13:07","date_gmt":"2025-09-12T21:13:07","guid":{"rendered":"https:\/\/www.europesays.com\/pt\/68966\/"},"modified":"2025-09-12T21:13:07","modified_gmt":"2025-09-12T21:13:07","slug":"prefeitura-de-divinopolis-realiza","status":"publish","type":"post","link":"https:\/\/www.europesays.com\/pt\/68966\/","title":{"rendered":"Prefeitura de Divin\u00f3polis realiza&#8230;"},"content":{"rendered":"<p>\nA Prefeitura de Divin\u00f3polis, por meio da Secretaria Municipal de Sa\u00fade (Semusa) e da Unidade de Aten\u00e7\u00e3o Prim\u00e1ria \u00e0 Sa\u00fade (UAPS) S\u00e3o Jos\u00e9, promoveu na \u00faltima semana, no Sal\u00e3o da Pra\u00e7a Elizeu Zica, mais uma edi\u00e7\u00e3o do movimento \u201cFoco na Sa\u00fade\u201d. A a\u00e7\u00e3o teve como foco principal o incentivo aos h\u00e1bitos saud\u00e1veis, a preven\u00e7\u00e3o de doen\u00e7as e a aproxima\u00e7\u00e3o entre a comunidade e os servi\u00e7os de sa\u00fade locais e um novo encontro est\u00e1 agendado para o pr\u00f3ximo dia 18\/9 (quinta-feira), no mesmo local, a partir das 14h.\u00a0<\/p>\n<p>Durante o encontro, a nutricionista da UAPS S\u00e3o Jos\u00e9, Juliana Mara, orientou os participantes sobre pr\u00e1ticas alimentares equilibradas, com \u00eanfase na alimenta\u00e7\u00e3o como aliada na preven\u00e7\u00e3o de doen\u00e7as como diabetes, hipertens\u00e3o e obesidade. A iniciativa integra a Promo\u00e7\u00e3o da Alimenta\u00e7\u00e3o Adequada e Saud\u00e1vel (PAAS), estrat\u00e9gia prevista na Pol\u00edtica Nacional de Promo\u00e7\u00e3o da Sa\u00fade (PNPS), que busca garantir mais qualidade de vida \u00e0 popula\u00e7\u00e3o.<\/p>\n<p>Segundo Rita de C\u00e1ssia Mendon\u00e7a, Supervisora de Uaps S\u00e3o Jos\u00e9, Bela Vista e Catal\u00e3o, a a\u00e7\u00e3o \u00e9 fruto da uni\u00e3o de profissionais da Aten\u00e7\u00e3o Prim\u00e1ria, que atuam em projetos integrados.\u201cO evento Foco na Sa\u00fade \u00e9 uma iniciativa da nutricionista Juliana Bicalho e conta com o apoio da farmac\u00eautica cl\u00ednica Marcella Oliveira, na ESF Catal\u00e3o. Esse grupo faz parte da eMulti, uma iniciativa que aproxima ainda mais o SUS da comunidade. Nosso objetivo \u00e9 fortalecer o v\u00ednculo entre os profissionais e os moradores, promovendo sa\u00fade atrav\u00e9s da escuta atenta, do trabalho em equipe e da educa\u00e7\u00e3o em sa\u00fade\u201d, explicou.<\/p>\n<p>O \u201cfoco na Sa\u00fade\u201d \u00e9 mais uma a\u00e7\u00e3o do governo municipal, visando o bem-estar dos moradores da regi\u00e3o. As reuni\u00f5es do grupo acontecem quinzenalmente, \u00e0s quintas-feiras, \u00e0s 15h, e s\u00e3o abertas a todos os usu\u00e1rios da UBS S\u00e3o Jos\u00e9. A nutricionista Juliana Mara, uma das idealizadoras do projeto, explica:\u201cTrabalhamos com foco na alimenta\u00e7\u00e3o saud\u00e1vel, junto \u00e0 farmac\u00eautica cl\u00ednica, promovendo o uso racional de medicamentos. Ensinamos a evitar alimentos multiprocessados e industrializados, e tamb\u00e9m abordamos estrat\u00e9gias para redu\u00e7\u00e3o do estresse, o que contribui para o bem-estar geral.\u201d<\/p>\n<p><strong>Mais sa\u00fade e disposi\u00e7\u00e3o<\/strong><\/p>\n<p>O impacto positivo da iniciativa j\u00e1 \u00e9 sentido pelos participantes. Rosa Maria de Barros, por exemplo, \u00e9 diab\u00e9tica tipo 1 e compartilhou como o grupo tem contribu\u00eddo para sua sa\u00fade:\u201cAprendi a armazenar meus rem\u00e9dios corretamente, aprendi sobre alimenta\u00e7\u00e3o. Aqui est\u00e1 me ajudando tanto que meu m\u00e9dico est\u00e1 considerando suspender a insulina. Pela qualidade do projeto, mais pessoas deveriam participar. Aconselho a todos que venham.\u201d<\/p>\n<p>J\u00e1 Irene Alves, outra frequentadora do grupo, destacou o acolhimento da equipe. \u201cMe sinto muito bem aqui! Mesmo vindo de longe, recebo muito carinho das meninas. Elas s\u00e3o muito preparadas e me ajudaram bastante. Estou muito satisfeita com os resultados.\u201d<\/p>\n<p>A agente comunit\u00e1ria de sa\u00fade Isabel Leite refor\u00e7a a import\u00e2ncia da troca entre profissionais e moradores.\u201cO processo de aprendizado \u00e9 cont\u00ednuo e acontece de forma acess\u00edvel, no tempo das pessoas. A melhor parte \u00e9 ver a uni\u00e3o entre a comunidade e a unidade de sa\u00fade.\u201d<\/p>\n<p>Ao levar informa\u00e7\u00e3o acess\u00edvel e promover pr\u00e1ticas preventivas, a Prefeitura busca n\u00e3o apenas melhorar a sa\u00fade dos cidad\u00e3os, mas tamb\u00e9m reduzir a demanda por atendimentos de m\u00e9dia e alta complexidade. A preven\u00e7\u00e3o tem se mostrado uma estrat\u00e9gia eficiente para beneficiar tanto os moradores quanto a administra\u00e7\u00e3o p\u00fablica, que consegue otimizar recursos e planejar a\u00e7\u00f5es de forma mais eficaz.<\/p>\n<p><strong>Compromisso com a sa\u00fade em todas as \u00e1reas<\/strong><\/p>\n<p>O \u201cFoco na Sa\u00fade\u201d \u00e9 apenas uma entre in\u00fameras iniciativas gratuitas promovidas pela Prefeitura de Divin\u00f3polis, que vem ampliando, nos \u00faltimos anos, seu compromisso com a sa\u00fade integral da popula\u00e7\u00e3o. Em diversas Unidades B\u00e1sicas de Sa\u00fade (UBSs) do munic\u00edpio, s\u00e3o oferecidos projetos voltados para atividade f\u00edsica (como grupos de gin\u00e1stica e alongamento), parada do tabagismo, educa\u00e7\u00e3o alimentar, sa\u00fade mental e emocional, acompanhamento de pacientes com doen\u00e7as cr\u00f4nicas, al\u00e9m de a\u00e7\u00f5es voltadas para todos os interessados.<\/p>\n<p>Esses projetos fazem parte da rede de Aten\u00e7\u00e3o Prim\u00e1ria \u00e0 Sa\u00fade e est\u00e3o dispon\u00edveis gratuitamente, sendo coordenados por equipes multiprofissionais que atuam com foco na preven\u00e7\u00e3o, no cuidado cont\u00ednuo e na promo\u00e7\u00e3o da autonomia da popula\u00e7\u00e3o.<\/p>\n<p><strong>Confira os grupos que incentivam h\u00e1bitos saud\u00e1veis na cidade:<\/strong><\/p>\n<p>Unidade Sa\u00fade Afonso Pena<\/p>\n<p>Endere\u00e7o: Rua Nova Serrana, 68, Bairro Afonso Pena<br \/>&#13;<br \/>\nTelefone: 3229-6880 \/ 6879<br \/>&#13;<br \/>\nGrupo de pr\u00e1ticas integrativas corporais (CHI KUNG)<br \/>&#13;<br \/>\nDe segunda a sexta-feira, das 7h \u00e0s 8h20<\/p>\n<p><strong>Unidade Sa\u00fade Serra Verde<\/strong><\/p>\n<p>Endere\u00e7o: Rua Gustavo Candido, 300, Bairro Serra Verde<br \/>&#13;<br \/>\nTelefone: 3229-6015 \/ 37 3229-6022<br \/>&#13;<br \/>\nGrupo de atividade f\u00edsica com fisioterapeuta e agentes comunit\u00e1rios de sa\u00fade (ACS)<br \/>&#13;<br \/>\nQuarta-feira, a partir das 7h30<br \/>&#13;<br \/>\nQuinta-feira, a partir das 15h30<\/p>\n<p><strong>Unidade Sa\u00fade Vila das Roseiras<\/strong><\/p>\n<p>Endere\u00e7o: Rua Vicente Paulo Chaves, 220, Santa L\u00facia<br \/>&#13;<br \/>\nTelefone: 37 3229-6045<br \/>&#13;<br \/>\nGrupo de chi-kung e atividade f\u00edsica<br \/>&#13;<br \/>\nSegunda e quinta-feira \u00e0s 7h (chi-kung)<br \/>&#13;<br \/>\nQuarta-feira \u00e0s 15h (atividade f\u00edsica com fisioterapeuta)<\/p>\n<p><strong>Unidade Sa\u00fade Danilo Passos<\/strong><\/p>\n<p>Endere\u00e7o: Avenida Ant\u00f4nio Neto, 1768 &#8211; Danilo Passos I<br \/>&#13;<br \/>\nTelefone: 37 3229-6042 \/ 37 3229-6043<br \/>&#13;<br \/>\nGrupo atividade f\u00edsica com fisioterapeuta + grupo com ACS<br \/>&#13;<br \/>\nSegunda-feira \u00e0s 15h30 (fisioterapeuta)<br \/>&#13;<br \/>\nTer\u00e7a-feira e sexta-feira \u00e0s 7h30 (ACS)<\/p>\n<p><strong>Unidade Sa\u00fade Planalto<\/strong><\/p>\n<p>Endere\u00e7o: Rua Itamb\u00e9, n\u00ba 1291, Planalto<br \/>&#13;<br \/>\nTelefone: 3229-6031 \/ 3229-6032 \/ 3229-6033<br \/>&#13;<br \/>\nGrupo de chi-kung e fisioterapia<br \/>&#13;<br \/>\nSegunda-feira e quarta-feira, das 7h \u00e0s 8h (chi-kung)<br \/>&#13;<br \/>\nSegunda-feira e quarta-feira, das 7h \u00e0s 8h (fisioterapia)<\/p>\n<p><strong>Unidade Vale do Sol<\/strong><\/p>\n<p>Endere\u00e7o: Rua Necessio do Nascimento Barreto, 171, Santa L\u00facia<br \/>&#13;<br \/>\nTelefone: 37 3229-6893<br \/>&#13;<br \/>\nGrupo de atividade f\u00edsica com fisioterapeuta<br \/>&#13;<br \/>\nQuinta-feira \u00e0s 7h<\/p>\n<p><strong>Unidade S\u00e3o Jos\u00e9<\/strong><\/p>\n<p>Endere\u00e7o: Pra\u00e7a Elizeu Zica, S\u00e3o Jos\u00e9<br \/>&#13;<br \/>\nTelefone: 37 3229-6080<br \/>&#13;<br \/>\nGrupo atividade f\u00edsica com a fisioterapeuta Luana<br \/>&#13;<br \/>\nTer\u00e7a e quinta-feira, das 7h30 \u00e0s 8h30<br \/>&#13;<br \/>\nChi-kung com ACS<br \/>&#13;<br \/>\nQuarta-feira, das 7h30 \u00e0s 8h30<br \/>&#13;<br \/>\nDan\u00e7a circular com ACS<br \/>&#13;<br \/>\nSegunda-feira, das 7h30 \u00e0s 8h30<br \/>&#13;<br \/>\nYoga com profissional volunt\u00e1rio Miguel e ACS<br \/>&#13;<br \/>\nSexta-feira, das 7h30 \u00e0s 8h30<br \/>&#13;<br \/>\nProjeto \u201cFoco na Sa\u00fade\u201d com nutricionista Juliana, farmac\u00eautica Marcella e ACS<br \/>&#13;<br \/>\nDias 4 e 18\/09\/2025<br \/>&#13;<br \/>\nValoriza\u00e7\u00e3o da sa\u00fade mental com Camila e ACS<br \/>&#13;<br \/>\n19\/09\/2025, das 8h \u00e0s 10h<\/p>\n<p><strong>Unidade Niter\u00f3i<\/strong><\/p>\n<p>Endere\u00e7o: Rua Esmeralda, 160, Niter\u00f3i<br \/>&#13;<br \/>\nTelefone: 3229-6010 \/ 3229-6012<br \/>&#13;<br \/>\nGrupo de atividade f\u00edsica com fisioterapeuta<br \/>&#13;<br \/>\nTer\u00e7a, quinta e sexta-feira, das 7h \u00e0s 8h<\/p>\n<p><strong>Unidade Sagrada Fam\u00edlia<\/strong><\/p>\n<p>Endere\u00e7o: Rua Joaquim Manoel Pereira, 401, Sagrada Fam\u00edlia<br \/>&#13;<br \/>\nTelefone: 3229-6834 \/ 3229-6835<br \/>&#13;<br \/>\nGrupo de chi-kung<br \/>&#13;<br \/>\nSegunda, quinta e sexta-feira<br \/>&#13;<br \/>\nGrupo de atividade f\u00edsica com enfermeiro<br \/>&#13;<br \/>\nTer\u00e7a-feira<\/p>\n<p><strong>Unidade Santa Rosa<\/strong><\/p>\n<p>Endere\u00e7o: Rua Bol\u00edvia, 1280, Santa Rosa<br \/>&#13;<br \/>\nTelefone: 3229-6030<br \/>&#13;<br \/>\nGrupo de atividade f\u00edsica com fisioterapeuta e grupo de chi-kung<br \/>&#13;<br \/>\nSegunda, ter\u00e7a e quinta-feira, \u00e0s 8h<\/p>\n<p><strong>Unidade Ermida<\/strong><\/p>\n<p>Endere\u00e7o: Rua Francisco Caetano Ribeiro, n\u00ba 221, Santo Ant\u00f4nio dos Campos<br \/>&#13;<br \/>\nTelefone: 3229-6885 \/ 3229-6888<br \/>&#13;<br \/>\nGrupo de atividade f\u00edsica com fisioterapeuta, chi-kung e caminhada<br \/>&#13;<br \/>\nTer\u00e7a, quinta e sexta-feira, das 7h30 \u00e0s 8h30<\/p>\n<p><strong>Unidade Santos Dumont<\/strong><\/p>\n<p>Endere\u00e7o: Rua L\u00edrio do Vale, n\u00ba 141, Santos Dumont<br \/>&#13;<br \/>\nTelefone: 3229-6039<br \/>&#13;<br \/>\nGrupo de chi-kung e atividade f\u00edsica com ACS<br \/>&#13;<br \/>\nSegunda e quarta-feira, das 8h \u00e0s 9h<\/p>\n<p><strong>ESF Maria L\u00facia Greg\u00f3rio<\/strong><\/p>\n<p>Endere\u00e7o: Rua Beto Carlos, n\u00ba 80, Terra Azul<br \/>&#13;<br \/>\nTelefone: 3229-6036<br \/>&#13;<br \/>\nGrupo de chi-kung e atividade f\u00edsica com ACS<br \/>&#13;<br \/>\nTer\u00e7a, quarta e quinta-feira, das 7h \u00e0s 8h<\/p>\n<p><strong>Unidade Esplanada\/Central<\/strong><\/p>\n<p>Endere\u00e7o: Rua Coronel Julio Ribeiro Gontijo, n\u00ba 370, Esplanada<br \/>&#13;<br \/>\nTelefone: 3229-6065<br \/>&#13;<br \/>\nGrupo de chi-kung e fisioterapia<br \/>&#13;<br \/>\nChi-kung: quinta-feira, das 7h \u00e0s 8h<br \/>&#13;<br \/>\nFisioterapia: segunda-feira, das 7h \u00e0s 9h<\/p>\n<p><strong>Unidade Tiet\u00ea<\/strong><\/p>\n<p>Endere\u00e7o: Alameda Rio Caiap\u00f3, 131, Tiet\u00ea<br \/>&#13;<br \/>\nTelefone: 3229-6875 \/ 3229-6876<br \/>&#13;<br \/>\nGrupo de atividade f\u00edsica com fisioterapeuta e grupo de chi-kung<br \/>&#13;<br \/>\nAtividade f\u00edsica: segunda e sexta-feira, das 7h \u00e0s 8h<br \/>&#13;<br \/>\nChi-kung: segunda e sexta-feira, das 7h \u00e0s 8h<\/p>\n<p><strong>Unidade Ipiranga<\/strong><\/p>\n<p>Endere\u00e7o: Rua Minas Gerais, 2061<br \/>&#13;<br \/>\nTelefone: 3229-6026<br \/>&#13;<br \/>\nGrupo de atividade f\u00edsica com fisioterapeuta<br \/>&#13;<br \/>\nQuarta-feira, das 7h30 \u00e0s 8h30<br \/>&#13;<br \/>\nGrupo de alongamentos<br \/>&#13;<br \/>\nTer\u00e7a-feira, das 7h30 \u00e0s 8h30<br \/>&#13;<br \/>\nRoda de conversa<br \/>&#13;<br \/>\nTer\u00e7a-feira, das 7h30 \u00e0s 8h30<br \/>&#13;<br \/>\nOficina de emo\u00e7\u00f5es<br \/>&#13;<br \/>\nQuarta-feira, das 7h30 \u00e0s 8h30<\/p>\n<p><strong>Unidade Campina Verde<\/strong><\/p>\n<p>Endere\u00e7o: Rua Panorama, 1271<br \/>&#13;<br \/>\nTelefone: (37) 3222-9984<br \/>&#13;<br \/>\nChi-kung com ACS e grupo de atividade f\u00edsica com fisioterapeuta<br \/>&#13;<br \/>\nSegunda, quarta e quinta-feira, \u00e0s 7h<br \/>&#13;<br \/>\nTer\u00e7a-feira, \u00e0s 7h<\/p>\n<p><strong>Unidade Nilda Barros<\/strong><\/p>\n<p>Endere\u00e7o: Rua Sebasti\u00e3o Alves, 531, Quintino<br \/>&#13;<br \/>\nTelefone: (37) 3229-6025<br \/>&#13;<br \/>\nChi-kung com ACS, unibiotica com m\u00e9dico e grupo de atividade f\u00edsica com fisioterapeuta<br \/>&#13;<br \/>\nSegunda, quarta e sexta-feira, \u00e0s 7h<br \/>&#13;<br \/>\nTer\u00e7a e quinta-feira, \u00e0s 7h<br \/>&#13;<br \/>\nSegunda-feira, \u00e0s 7h<\/p>\n<p><strong>Unidade Candid\u00e9s<\/strong><\/p>\n<p>Endere\u00e7o: Avenida Goitacazes, 1374, Jardim Candid\u00e9s<br \/>&#13;<br \/>\nTelefone: (37) 3229-6023<br \/>&#13;<br \/>\nGrupo de atividade f\u00edsica com fisioterapeuta e ACS, e grupo de chi-kung<br \/>&#13;<br \/>\nSegunda, quarta e quinta-feira, \u00e0s 7h30<\/p>\n<p><strong>Unidade Icara\u00ed<\/strong><\/p>\n<p>Endere\u00e7o: Avenida Belo Horizonte, 264, Icara\u00ed<br \/>&#13;<br \/>\nTelefone: (37) 3229-6865<br \/>&#13;<br \/>\nGrupo de atividade f\u00edsica com fisioterapeuta e ACS<br \/>&#13;<br \/>\nSegunda, quarta e sexta-feira, \u00e0s 7h30<br \/>&#13;<br \/>\n\u00a0                                        <\/p>\n","protected":false},"excerpt":{"rendered":"A Prefeitura de Divin\u00f3polis, por meio da Secretaria Municipal de Sa\u00fade (Semusa) e da Unidade de Aten\u00e7\u00e3o Prim\u00e1ria&hellip;\n","protected":false},"author":2,"featured_media":68967,"comment_status":"","ping_status":"","sticky":false,"template":"","format":"standard","meta":{"footnotes":""},"categories":[86],"tags":[116,32,33,117],"class_list":{"0":"post-68966","1":"post","2":"type-post","3":"status-publish","4":"format-standard","5":"has-post-thumbnail","7":"category-saude","8":"tag-health","9":"tag-portugal","10":"tag-pt","11":"tag-saude"},"share_on_mastodon":{"url":"","error":""},"_links":{"self":[{"href":"https:\/\/www.europesays.com\/pt\/wp-json\/wp\/v2\/posts\/68966","targetHints":{"allow":["GET"]}}],"collection":[{"href":"https:\/\/www.europesays.com\/pt\/wp-json\/wp\/v2\/posts"}],"about":[{"href":"https:\/\/www.europesays.com\/pt\/wp-json\/wp\/v2\/types\/post"}],"author":[{"embeddable":true,"href":"https:\/\/www.europesays.com\/pt\/wp-json\/wp\/v2\/users\/2"}],"replies":[{"embeddable":true,"href":"https:\/\/www.europesays.com\/pt\/wp-json\/wp\/v2\/comments?post=68966"}],"version-history":[{"count":0,"href":"https:\/\/www.europesays.com\/pt\/wp-json\/wp\/v2\/posts\/68966\/revisions"}],"wp:featuredmedia":[{"embeddable":true,"href":"https:\/\/www.europesays.com\/pt\/wp-json\/wp\/v2\/media\/68967"}],"wp:attachment":[{"href":"https:\/\/www.europesays.com\/pt\/wp-json\/wp\/v2\/media?parent=68966"}],"wp:term":[{"taxonomy":"category","embeddable":true,"href":"https:\/\/www.europesays.com\/pt\/wp-json\/wp\/v2\/categories?post=68966"},{"taxonomy":"post_tag","embeddable":true,"href":"https:\/\/www.europesays.com\/pt\/wp-json\/wp\/v2\/tags?post=68966"}],"curies":[{"name":"wp","href":"https:\/\/api.w.org\/{rel}","templated":true}]}}