{"id":69143,"date":"2025-09-13T00:06:16","date_gmt":"2025-09-13T00:06:16","guid":{"rendered":"https:\/\/www.europesays.com\/pt\/69143\/"},"modified":"2025-09-13T00:06:16","modified_gmt":"2025-09-13T00:06:16","slug":"claudia-abreu-resgata-foto-de-anos-rebeldes-e-exalta-malu-mader","status":"publish","type":"post","link":"https:\/\/www.europesays.com\/pt\/69143\/","title":{"rendered":"Cl\u00e1udia Abreu resgata foto de Anos Rebeldes e exalta Malu Mader"},"content":{"rendered":"<p class=\"bullet mt-0\" data-v-232111b4=\"\">Cl\u00e1udia Abreu, 54, homenageou Malu Mader pelo anivers\u00e1rio de 59 anos e resgatou uma foto da miniss\u00e9rie &#8220;Anos Rebeldes&#8221; (Globo).<\/p>\n<p>O que aconteceu<\/p>\n<p class=\"bullet\" data-v-232111b4=\"\"><strong>Atriz exaltou a colega com uma foto de 1992, quando a miniss\u00e9rie estava no ar na TV.<\/strong> A postagem foi feita hoje em seu Instagram.<\/p>\n<p class=\"bullet\" data-v-232111b4=\"\"><strong>No post, Cl\u00e1udia Abreu destacou a amizade das duas. <\/strong>&#8220;Uma das coisas mais bonitas da vida \u00e9 a longevidade das amizades. Malu esteve presente em muitos momentos marcantes da minha vida. E nos mais simples tamb\u00e9m. Papos sem fim, viagens, ataques de riso. C\u00famplice em trabalhos inesquec\u00edveis&#8221;, indicou.<\/p>\n","protected":false},"excerpt":{"rendered":"Cl\u00e1udia Abreu, 54, homenageou Malu Mader pelo anivers\u00e1rio de 59 anos e resgatou uma foto da miniss\u00e9rie &#8220;Anos&hellip;\n","protected":false},"author":2,"featured_media":69144,"comment_status":"","ping_status":"","sticky":false,"template":"","format":"standard","meta":{"footnotes":""},"categories":[142],"tags":[114,115,32,33,151],"class_list":{"0":"post-69143","1":"post","2":"type-post","3":"status-publish","4":"format-standard","5":"has-post-thumbnail","7":"category-tv","8":"tag-entertainment","9":"tag-entretenimento","10":"tag-portugal","11":"tag-pt","12":"tag-tv"},"share_on_mastodon":{"url":"","error":""},"_links":{"self":[{"href":"https:\/\/www.europesays.com\/pt\/wp-json\/wp\/v2\/posts\/69143","targetHints":{"allow":["GET"]}}],"collection":[{"href":"https:\/\/www.europesays.com\/pt\/wp-json\/wp\/v2\/posts"}],"about":[{"href":"https:\/\/www.europesays.com\/pt\/wp-json\/wp\/v2\/types\/post"}],"author":[{"embeddable":true,"href":"https:\/\/www.europesays.com\/pt\/wp-json\/wp\/v2\/users\/2"}],"replies":[{"embeddable":true,"href":"https:\/\/www.europesays.com\/pt\/wp-json\/wp\/v2\/comments?post=69143"}],"version-history":[{"count":0,"href":"https:\/\/www.europesays.com\/pt\/wp-json\/wp\/v2\/posts\/69143\/revisions"}],"wp:featuredmedia":[{"embeddable":true,"href":"https:\/\/www.europesays.com\/pt\/wp-json\/wp\/v2\/media\/69144"}],"wp:attachment":[{"href":"https:\/\/www.europesays.com\/pt\/wp-json\/wp\/v2\/media?parent=69143"}],"wp:term":[{"taxonomy":"category","embeddable":true,"href":"https:\/\/www.europesays.com\/pt\/wp-json\/wp\/v2\/categories?post=69143"},{"taxonomy":"post_tag","embeddable":true,"href":"https:\/\/www.europesays.com\/pt\/wp-json\/wp\/v2\/tags?post=69143"}],"curies":[{"name":"wp","href":"https:\/\/api.w.org\/{rel}","templated":true}]}}