{"id":69163,"date":"2025-09-13T00:28:16","date_gmt":"2025-09-13T00:28:16","guid":{"rendered":"https:\/\/www.europesays.com\/pt\/69163\/"},"modified":"2025-09-13T00:28:16","modified_gmt":"2025-09-13T00:28:16","slug":"openai-e-oracle-assinam-acordo-de-300-mil-milhoes-de-dolares-para-servicos-em-nuvem","status":"publish","type":"post","link":"https:\/\/www.europesays.com\/pt\/69163\/","title":{"rendered":"OpenAI e Oracle assinam acordo de 300 mil milh\u00f5es de d\u00f3lares para servi\u00e7os em nuvem"},"content":{"rendered":"<p>A OpenAI comprometeu-se a adquirir 300 mil milh\u00f5es de d\u00f3lares em poder de computa\u00e7\u00e3o da Oracle ao longo dos pr\u00f3ximos cinco anos, naquele que \u00e9 um dos maiores contratos de cloud alguma vez firmados.<\/p>\n<p style=\"text-align: center;\"><a target=\"_blank\" href=\"https:\/\/pplware.sapo.pt\/wp-content\/uploads\/2025\/09\/openai_oracle_ceos.webp\" rel=\"nofollow noopener\"><img fetchpriority=\"high\" decoding=\"async\" src=\"https:\/\/www.europesays.com\/pt\/wp-content\/uploads\/2025\/09\/openai_oracle_ceos-1024x576.webp.webp\" alt=\"\" width=\"720\" height=\"405\" class=\"alignnone size-large wp-image-1078258\"  \/><\/a><\/p>\n<p>Os contornos de um neg\u00f3cio bilion\u00e1rio entre OpenAI e Oracle<\/p>\n<p>Segundo o <a target=\"_blank\" href=\"https:\/\/www.wsj.com\/business\/openai-oracle-sign-300-billion-computing-deal-among-biggest-in-history-ff27c8fe\" rel=\"nofollow noopener\">The Wall Street Journal<\/a>, este valor <strong>\u00e9 quase 100 vezes superior \u00e0 receita total da OpenAI em 2024<\/strong>. Este acordo colossal segue-se a outros compromissos de grande escala entre as duas gigantes tecnol\u00f3gicas, incluindo a participa\u00e7\u00e3o da Oracle no plano do centro de dados Stargate, avaliado em 500 mil milh\u00f5es de d\u00f3lares, e outro projeto conjunto anunciado em julho.<\/p>\n<p>A necessidade energ\u00e9tica da OpenAI \u00e9 igualmente impressionante, estimada em 4,5 gigawatts,<strong> o suficiente para abastecer quatro milh\u00f5es de lares<\/strong>.<\/p>\n<p>Com in\u00edcio previsto para 2027, o contrato suscita quest\u00f5es sobre como ambas as empresas ir\u00e3o financiar uma opera\u00e7\u00e3o desta envergadura. As receitas projetadas da OpenAI para 2025 <strong>n\u00e3o cobririam sequer metade do pagamento anual \u00e0 Oracle<\/strong>.<\/p>\n<p>Por seu lado, a Oracle ter\u00e1 provavelmente de contrair uma d\u00edvida substancial para adquirir o hardware que, posteriormente, fornecer\u00e1 \u00e0 OpenAI.<\/p>\n<p>Contudo, operar com preju\u00edzo n\u00e3o \u00e9 uma novidade para a criadora do ChatGPT. O seu CEO, Sam Altman, j\u00e1 afirmou que os investidores devem esperar que esta situa\u00e7\u00e3o se mantenha por mais alguns anos, visto que a empresa, apesar da sua popularidade, <strong>ainda n\u00e3o alcan\u00e7ou a rentabilidade<\/strong>.<\/p>\n<p style=\"text-align: center;\"><a target=\"_blank\" href=\"https:\/\/pplware.sapo.pt\/wp-content\/uploads\/2024\/12\/chatgpt_pesquisa02.jpg\" onclick=\"refreshIframe()\" class=\"foobox\" rel=\"nofollow noopener\"><img loading=\"lazy\" decoding=\"async\" src=\"https:\/\/www.europesays.com\/pt\/wp-content\/uploads\/2025\/09\/chatgpt_pesquisa02-1024x575.jpg\" alt=\"\" width=\"720\" height=\"404\" class=\"alignnone size-large wp-image-1029474\"  \/><\/a><\/p>\n<p>Qual o impacto no mercado?<\/p>\n<p>Este cen\u00e1rio acarreta tamb\u00e9m riscos para a Oracle. Embora seja uma das maiores empresas de tecnologia do mundo, com um valor de mercado superior a 600 mil milh\u00f5es de d\u00f3lares, a Oracle possui uma d\u00edvida elevada e um fluxo de caixa operacional de 21,5 mil milh\u00f5es de d\u00f3lares, <strong>consideravelmente inferior ao de outras gigantes que investem massivamente em IA<\/strong>, como a Amazon, a Meta e a Microsoft, cujos fluxos de caixa ultrapassam os 100 mil milh\u00f5es.<\/p>\n<p>Apesar das preocupa\u00e7\u00f5es financeiras, a rea\u00e7\u00e3o dos mercados foi extremamente positiva. As a\u00e7\u00f5es da Oracle dispararam mais de 43%, o que fez com que o patrim\u00f3nio l\u00edquido do seu CEO, Larry Ellison, aumentasse em mais de 100 mil milh\u00f5es de d\u00f3lares num \u00fanico dia, tornando-o, momentaneamente,<strong> a pessoa mais rica do mundo<\/strong>.<\/p>\n<p>Este acordo marca uma viragem estrat\u00e9gica para a OpenAI. Durante anos, a empresa dependeu exclusivamente da plataforma de cloud Azure da Microsoft para os seus servi\u00e7os. Recentemente, no entanto, tem explorado a possibilidade de recorrer a outras plataformas <strong>para diversificar a sua infraestrutura<\/strong>.<\/p>\n<p>Para satisfazer as exigentes necessidades da OpenAI, a Oracle planeia construir novos centros de dados em v\u00e1rias localiza\u00e7\u00f5es nos Estados Unidos. O WSJ avan\u00e7a que estados como Wyoming, Pensilv\u00e2nia, Texas, Michigan e Novo M\u00e9xico s\u00e3o locais prov\u00e1veis para estas novas instala\u00e7\u00f5es, cuja expans\u00e3o ser\u00e1 gerida pela Crusoe, <strong>uma empresa especializada em centros de dados para IA<\/strong>.<\/p>\n<p>\u00a0<\/p>\n<p><strong>Leia tamb\u00e9m:<\/strong><\/p>\n","protected":false},"excerpt":{"rendered":"A OpenAI comprometeu-se a adquirir 300 mil milh\u00f5es de d\u00f3lares em poder de computa\u00e7\u00e3o da Oracle ao longo&hellip;\n","protected":false},"author":2,"featured_media":69164,"comment_status":"","ping_status":"","sticky":false,"template":"","format":"standard","meta":{"footnotes":""},"categories":[83],"tags":[88,89,90,2430,18197,32,33],"class_list":{"0":"post-69163","1":"post","2":"type-post","3":"status-publish","4":"format-standard","5":"has-post-thumbnail","7":"category-empresas","8":"tag-business","9":"tag-economy","10":"tag-empresas","11":"tag-openai","12":"tag-oracle","13":"tag-portugal","14":"tag-pt"},"share_on_mastodon":{"url":"","error":""},"_links":{"self":[{"href":"https:\/\/www.europesays.com\/pt\/wp-json\/wp\/v2\/posts\/69163","targetHints":{"allow":["GET"]}}],"collection":[{"href":"https:\/\/www.europesays.com\/pt\/wp-json\/wp\/v2\/posts"}],"about":[{"href":"https:\/\/www.europesays.com\/pt\/wp-json\/wp\/v2\/types\/post"}],"author":[{"embeddable":true,"href":"https:\/\/www.europesays.com\/pt\/wp-json\/wp\/v2\/users\/2"}],"replies":[{"embeddable":true,"href":"https:\/\/www.europesays.com\/pt\/wp-json\/wp\/v2\/comments?post=69163"}],"version-history":[{"count":0,"href":"https:\/\/www.europesays.com\/pt\/wp-json\/wp\/v2\/posts\/69163\/revisions"}],"wp:featuredmedia":[{"embeddable":true,"href":"https:\/\/www.europesays.com\/pt\/wp-json\/wp\/v2\/media\/69164"}],"wp:attachment":[{"href":"https:\/\/www.europesays.com\/pt\/wp-json\/wp\/v2\/media?parent=69163"}],"wp:term":[{"taxonomy":"category","embeddable":true,"href":"https:\/\/www.europesays.com\/pt\/wp-json\/wp\/v2\/categories?post=69163"},{"taxonomy":"post_tag","embeddable":true,"href":"https:\/\/www.europesays.com\/pt\/wp-json\/wp\/v2\/tags?post=69163"}],"curies":[{"name":"wp","href":"https:\/\/api.w.org\/{rel}","templated":true}]}}