{"id":69315,"date":"2025-09-13T03:47:12","date_gmt":"2025-09-13T03:47:12","guid":{"rendered":"https:\/\/www.europesays.com\/pt\/69315\/"},"modified":"2025-09-13T03:47:12","modified_gmt":"2025-09-13T03:47:12","slug":"sentinela-oriental-nato-reage-a-acoes-perigosas-russas-observador","status":"publish","type":"post","link":"https:\/\/www.europesays.com\/pt\/69315\/","title":{"rendered":"&#8220;Sentinela Oriental&#8221;. NATO reage a &#8220;a\u00e7\u00f5es perigosas russas&#8221; \u2013 Observador"},"content":{"rendered":"<p><strong>A R\u00fassia destacou que estes treinos militares contar\u00e3o com duas fases.<\/strong> A primeira, que come\u00e7ou esta sexta-feira, ser\u00e1 focada na defesa e na coordena\u00e7\u00e3o entre as tropas. A segunda ter\u00e1 um enfoque mais ofensivo com manobras a simular a conquista de territ\u00f3rio e combates com tropas inimigas. Os exerc\u00edcios ocorrer\u00e3o em solo russo, bielorrusso e tamb\u00e9m no Mar B\u00e1ltico e no Mar de Barents, no extremo norte.<\/p>\n<p>O Ministro da Defesa da R\u00fassia, Viktor Khrenin, precisou que maioria dos exerc\u00edcios militares vai ter lugar na cidade bielorrussa de Borisovc, a norte da capital de Minsk, e a 380 quil\u00f3metros da Litu\u00e2nia e a 410 quil\u00f3metros da Pol\u00f3nia. No entanto, o respons\u00e1vel militar admitiu que \u201cpequenos batalh\u00f5es v\u00e3o levar a cabo tarefas pr\u00e1ticas para repelir um inimigo hipot\u00e9tico\u201d nas proximidades das fronteiras lituanas e polacas.<\/p>\n<p>Adicionalmente, o governante russo destacou que as tropas russas v\u00e3o \u201cpraticar o uso\u201d de\u00a0<strong>armas nucleares russas,\u00a0<\/strong>em particular os m\u00edsseis hipers\u00f3nicos <strong>Oreshnik<\/strong>, alguns dos quais que j\u00e1 est\u00e3o estacionados na Bielorr\u00fassia. Esta componente dos exerc\u00edcios militares eleva a preocupa\u00e7\u00e3o dos pa\u00edses fronteiri\u00e7os com a R\u00fassia e a Bielorr\u00fassia.<\/p>\n<blockquote class=\"wp-embedded-content\" data-secret=\"F5TNOve4Z1\">\n<p><a href=\"https:\/\/observador.pt\/2024\/12\/27\/lukashenko-bielorrussia-vai-receber-uma-duzia-de-oreshnik-os-novos-sistemas-de-misseis-hipersonicos-russos\/\" rel=\"nofollow noopener\" target=\"_blank\">Lukashenko: Bielorr\u00fassia vai receber \u201cuma d\u00fazia\u201d de Oreshnik, os novos sistemas de m\u00edsseis hipers\u00f3nicos russos<\/a><\/p>\n<\/blockquote>\n<p>Por agora, no entanto, \u00e9 improv\u00e1vel que estes treinos militares sejam mais do isso. Face a 2021, houve uma redu\u00e7\u00e3o abrupta do n\u00famero de militares mobilizados. \u201cPor agora, Moscovo n\u00e3o pode enviar dezenas de milhares de tropas para a Bielorr\u00fassia, o que seria o necess\u00e1rio para representar uma amea\u00e7a cred\u00edvel para os pa\u00edses do flanco\u00a0leste da NATO\u201d, explicou, <a href=\"https:\/\/www.france24.com\/en\/europe\/20250912-nato-on-edge-russia-follows-up-poland-drone-incursion-with-belarus-military-drills\" rel=\"nofollow noopener\" target=\"_blank\">em declara\u00e7\u00f5es \u00e0 France 24,<\/a> Ryhor Nizhnikau, especialista do think tank Finnish Institute of International Affairs.<\/p>\n<p>No entanto, o mesmo especialista adverte que estes exerc\u00edcios militares poder\u00e3o efetivamente testar a prontid\u00e3o e a capacidade de as tropas russas atacarem a alian\u00e7a transatl\u00e2ntica. \u201cA ideia de que a R\u00fassia pode usar um dia os treinos Zapad para atacar os pa\u00edses do flanco leste da NATO \u00e9, de facto, cred\u00edvel\u201d, aclara, ressalvando, no entanto, que isso dever\u00e1 apenas acontecer quando Moscovo <strong>\u201calcan\u00e7ar os seus objetivos na Ucr\u00e2nia e libertar, em fun\u00e7\u00e3o disso, recursos militares\u201d.<\/strong><\/p>\n<p>Em rea\u00e7\u00e3o, a R\u00fassia pediu para que a Pol\u00f3nia reconsiderasse a sua decis\u00e3o de fechar as fronteiras com a Bielorr\u00fassia, justificando que n\u00e3o faz sentido tomar atitudes t\u00e3o exageradas. O porta-voz do Kremlin, Dmitry Peskov, desvalorizou tamb\u00e9m as preocupa\u00e7\u00f5es da Europa Ocidental. Num momento em que os europeus \u201cassumem uma posi\u00e7\u00e3o hostil\u201d em rela\u00e7\u00e3o ao Kremlin, a condu\u00e7\u00e3o de exerc\u00edcios militares levou a uma \u201csobrecarga emocional\u201d dos l\u00edderes europeus, atirou.<\/p>\n","protected":false},"excerpt":{"rendered":"A R\u00fassia destacou que estes treinos militares contar\u00e3o com duas fases. A primeira, que come\u00e7ou esta sexta-feira, ser\u00e1&hellip;\n","protected":false},"author":2,"featured_media":69316,"comment_status":"","ping_status":"","sticky":false,"template":"","format":"standard","meta":{"footnotes":""},"categories":[50],"tags":[27,28,445,15,16,1123,14,25,26,21,22,62,3400,12,13,19,20,23,24,3879,17,18,1124,29,30,31,63,64,65],"class_list":{"0":"post-69315","1":"post","2":"type-post","3":"status-publish","4":"format-standard","5":"has-post-thumbnail","7":"category-mundo","8":"tag-breaking-news","9":"tag-breakingnews","10":"tag-europa","11":"tag-featured-news","12":"tag-featurednews","13":"tag-guerra-na-ucru00e2nia","14":"tag-headlines","15":"tag-latest-news","16":"tag-latestnews","17":"tag-main-news","18":"tag-mainnews","19":"tag-mundo","20":"tag-nato","21":"tag-news","22":"tag-noticias","23":"tag-noticias-principais","24":"tag-noticiasprincipais","25":"tag-principais-noticias","26":"tag-principaisnoticias","27":"tag-ru00fassia","28":"tag-top-stories","29":"tag-topstories","30":"tag-ucru00e2nia","31":"tag-ultimas","32":"tag-ultimas-noticias","33":"tag-ultimasnoticias","34":"tag-world","35":"tag-world-news","36":"tag-worldnews"},"share_on_mastodon":{"url":"","error":""},"_links":{"self":[{"href":"https:\/\/www.europesays.com\/pt\/wp-json\/wp\/v2\/posts\/69315","targetHints":{"allow":["GET"]}}],"collection":[{"href":"https:\/\/www.europesays.com\/pt\/wp-json\/wp\/v2\/posts"}],"about":[{"href":"https:\/\/www.europesays.com\/pt\/wp-json\/wp\/v2\/types\/post"}],"author":[{"embeddable":true,"href":"https:\/\/www.europesays.com\/pt\/wp-json\/wp\/v2\/users\/2"}],"replies":[{"embeddable":true,"href":"https:\/\/www.europesays.com\/pt\/wp-json\/wp\/v2\/comments?post=69315"}],"version-history":[{"count":0,"href":"https:\/\/www.europesays.com\/pt\/wp-json\/wp\/v2\/posts\/69315\/revisions"}],"wp:featuredmedia":[{"embeddable":true,"href":"https:\/\/www.europesays.com\/pt\/wp-json\/wp\/v2\/media\/69316"}],"wp:attachment":[{"href":"https:\/\/www.europesays.com\/pt\/wp-json\/wp\/v2\/media?parent=69315"}],"wp:term":[{"taxonomy":"category","embeddable":true,"href":"https:\/\/www.europesays.com\/pt\/wp-json\/wp\/v2\/categories?post=69315"},{"taxonomy":"post_tag","embeddable":true,"href":"https:\/\/www.europesays.com\/pt\/wp-json\/wp\/v2\/tags?post=69315"}],"curies":[{"name":"wp","href":"https:\/\/api.w.org\/{rel}","templated":true}]}}