{"id":69399,"date":"2025-09-13T06:27:18","date_gmt":"2025-09-13T06:27:18","guid":{"rendered":"https:\/\/www.europesays.com\/pt\/69399\/"},"modified":"2025-09-13T06:27:18","modified_gmt":"2025-09-13T06:27:18","slug":"anffa-sindical-alerta-para-os-riscos-da-tuberculose-bovina-em-animais-e","status":"publish","type":"post","link":"https:\/\/www.europesays.com\/pt\/69399\/","title":{"rendered":"Anffa Sindical alerta para os riscos da tuberculose bovina em animais e&#8230;"},"content":{"rendered":"<p>Doen\u00e7a \u00e9 transmitida pelo contato direto com animais infectados e pelo consumo de carne, leite e derivados, o que refor\u00e7a a import\u00e2ncia das medidas sanit\u00e1rias nos rebanhos<\/p>\n<p>A tuberculose bovina afeta rebanhos em todo o Pa\u00eds e tamb\u00e9m coloca em risco a sa\u00fade da popula\u00e7\u00e3o, podendo ser transmitida pelo consumo de carne, leite e derivados sem inspe\u00e7\u00e3o sanit\u00e1ria e pelo contato direto com animais infectados. Trata-se de uma zoonose que amea\u00e7a a seguran\u00e7a dos alimentos, gera preju\u00edzos \u00e0 pecu\u00e1ria e refor\u00e7a a import\u00e2ncia da fiscaliza\u00e7\u00e3o oficial para proteger a sa\u00fade p\u00fablica. Por isso, o Sindicato Nacional dos Auditores Fiscais Federais Agropecu\u00e1rios (Anffa Sindical) alerta para a import\u00e2ncia das a\u00e7\u00f5es de controle da doen\u00e7a nos rebanhos e para o consumo de alimentos inspecionados.<\/p>\n<p><img decoding=\"async\" alt=\"Boi - Anffa Sindical\" src=\"https:\/\/www.europesays.com\/pt\/wp-content\/uploads\/2025\/09\/boi-anffa-sindical-vm17i.jpg\"\/><br \/>\nTuberculose bovina \u00e9 causada por bact\u00e9ria e tamb\u00e9m acomete bubalinos<br \/>Foto: Anffa Sindical<\/p>\n<p>A tuberculose bovina \u00e9 causada pela bact\u00e9ria Mycobacterium bovis, de evolu\u00e7\u00e3o cr\u00f4nica, que acomete tamb\u00e9m os bubalinos. A doen\u00e7a acarreta perdas econ\u00f4micas relevantes devido \u00e0 queda na produ\u00e7\u00e3o leiteira, emagrecimento progressivo dos animais, pela elimina\u00e7\u00e3o de animais positivos e condena\u00e7\u00f5es de carca\u00e7a em abatedouros, sendo imprescind\u00edvel a ado\u00e7\u00e3o de medidas sanit\u00e1rias para o controle da doen\u00e7a nos rebanhos e, consequentemente, evitando a transmiss\u00e3o aos seres humanos.<\/p>\n<p>Al\u00e9m da transmiss\u00e3o via alimentos, a infec\u00e7\u00e3o tamb\u00e9m se d\u00e1 pelo contato direto com animais infectados. Entre os grupos de maior risco est\u00e3o m\u00e9dicos veterin\u00e1rios, trabalhadores rurais e profissionais de frigor\u00edficos, assim como os auditores fiscais federais agropecu\u00e1rios. A tuberculose pode levar a quadros cl\u00ednicos graves, colocando em evid\u00eancia a relev\u00e2ncia da vigil\u00e2ncia e do controle sanit\u00e1rio.<\/p>\n<p>De acordo com o diretor do Departamento de Sa\u00fade Animal do Minist\u00e9rio da Agricultura e Pecu\u00e1ria (Mapa), Marcelo de Andrade Mota, a tuberculose atinge entre 0,16% e 9% dos rebanhos do Pa\u00eds. A maior preval\u00eancia \u00e9 observada em sistemas de produ\u00e7\u00e3o leiteira intensiva, onde a densidade populacional e as pr\u00e1ticas de manejo favorecem a dissemina\u00e7\u00e3o do agente.<\/p>\n<p>Segundo a diretora de Comunica\u00e7\u00e3o da Delegacia do Anffa Sindical no Distrito Federal e chefe da Divis\u00e3o de Controle da Brucelose e da Tuberculose Animal do Mapa, Patricia Santana Ferreira, o Programa Nacional de Controle e Erradica\u00e7\u00e3o da Brucelose e da Tuberculose Animal estabelece medidas como a testagem obrigat\u00f3ria de animais para tr\u00e2nsito interestadual para fins de reprodu\u00e7\u00e3o e participa\u00e7\u00e3o em aglomera\u00e7\u00f5es, a elimina\u00e7\u00e3o de reagentes positivos sob supervis\u00e3o oficial, a vigil\u00e2ncia epidemiol\u00f3gica e o saneamento obrigat\u00f3rio. A ades\u00e3o rigorosa a essas a\u00e7\u00f5es, aliada \u00e0 fiscaliza\u00e7\u00e3o oficial, \u00e9 indispens\u00e1vel para evitar a dissemina\u00e7\u00e3o da enfermidade.<\/p>\n<p>\u201cEntre outras medidas de preven\u00e7\u00e3o est\u00e3o a exig\u00eancia de exames negativos de brucelose e tuberculose antes da introdu\u00e7\u00e3o de novos animais ao rebanho, a testagem peri\u00f3dica do rebanho, e evitar o consumo de carne, leite e derivados sem inspe\u00e7\u00e3o sanit\u00e1ria oficial\u201d, destacou a especialista.<\/p>\n<p>O presidente do Anffa Sindical, Janus Pablo Macedo, destaca a atua\u00e7\u00e3o dos auditores fiscais federais agropecu\u00e1rios, determinante para a seguran\u00e7a da popula\u00e7\u00e3o e que esses profissionais tamb\u00e9m precisam ser protegidos contra a doen\u00e7a.<\/p>\n<p>O Anffa Sindical destaca tamb\u00e9m que o consumo respons\u00e1vel, aliado ao cumprimento das normas sanit\u00e1rias por parte dos produtores, \u00e9 fundamental para proteger a sa\u00fade p\u00fablica, preservar a competitividade do agroneg\u00f3cio e assegurar a imagem internacional do Brasil como fornecedor de alimentos seguros.<\/p>\n","protected":false},"excerpt":{"rendered":"Doen\u00e7a \u00e9 transmitida pelo contato direto com animais infectados e pelo consumo de carne, leite e derivados, o&hellip;\n","protected":false},"author":2,"featured_media":69400,"comment_status":"","ping_status":"","sticky":false,"template":"","format":"standard","meta":{"footnotes":""},"categories":[86],"tags":[116,32,33,117],"class_list":{"0":"post-69399","1":"post","2":"type-post","3":"status-publish","4":"format-standard","5":"has-post-thumbnail","7":"category-saude","8":"tag-health","9":"tag-portugal","10":"tag-pt","11":"tag-saude"},"share_on_mastodon":{"url":"","error":""},"_links":{"self":[{"href":"https:\/\/www.europesays.com\/pt\/wp-json\/wp\/v2\/posts\/69399","targetHints":{"allow":["GET"]}}],"collection":[{"href":"https:\/\/www.europesays.com\/pt\/wp-json\/wp\/v2\/posts"}],"about":[{"href":"https:\/\/www.europesays.com\/pt\/wp-json\/wp\/v2\/types\/post"}],"author":[{"embeddable":true,"href":"https:\/\/www.europesays.com\/pt\/wp-json\/wp\/v2\/users\/2"}],"replies":[{"embeddable":true,"href":"https:\/\/www.europesays.com\/pt\/wp-json\/wp\/v2\/comments?post=69399"}],"version-history":[{"count":0,"href":"https:\/\/www.europesays.com\/pt\/wp-json\/wp\/v2\/posts\/69399\/revisions"}],"wp:featuredmedia":[{"embeddable":true,"href":"https:\/\/www.europesays.com\/pt\/wp-json\/wp\/v2\/media\/69400"}],"wp:attachment":[{"href":"https:\/\/www.europesays.com\/pt\/wp-json\/wp\/v2\/media?parent=69399"}],"wp:term":[{"taxonomy":"category","embeddable":true,"href":"https:\/\/www.europesays.com\/pt\/wp-json\/wp\/v2\/categories?post=69399"},{"taxonomy":"post_tag","embeddable":true,"href":"https:\/\/www.europesays.com\/pt\/wp-json\/wp\/v2\/tags?post=69399"}],"curies":[{"name":"wp","href":"https:\/\/api.w.org\/{rel}","templated":true}]}}