{"id":69532,"date":"2025-09-13T10:18:16","date_gmt":"2025-09-13T10:18:16","guid":{"rendered":"https:\/\/www.europesays.com\/pt\/69532\/"},"modified":"2025-09-13T10:18:16","modified_gmt":"2025-09-13T10:18:16","slug":"letra-pequena-martim-nao-quer-ir-a-escola-livros","status":"publish","type":"post","link":"https:\/\/www.europesays.com\/pt\/69532\/","title":{"rendered":"Letra Pequena: Martim n\u00e3o quer ir \u00e0 escola | Livros"},"content":{"rendered":"<p>Martim decidiu agarrar-se aos len\u00e7\u00f3is da cama, depois de o despertador tocar pela manh\u00e3. Era o primeiro dia de aulas, mas o rapaz estava decidido a ficar em casa.<\/p>\n<p>\u201cN\u00e3o importa que os pais fiquem chateados, que o castiguem e n\u00e3o o deixem jogar consola durante um m\u00eas. Hoje \u00e9 o seu primeiro dia de aulas, mas o Martim simplesmente n\u00e3o quer saber. Ele decidiu que n\u00e3o vai \u00e0 escola! Quer ficar em casa!\u201d<\/p>\n<p>Quem assim escreve \u00e9 o professor do ensino b\u00e1sico e pedagogo <a href=\"https:\/\/www.aphernandez.com\/\" target=\"_blank\" rel=\"nofollow noopener\">Antonio P\u00e9rez Hern\u00e1ndez<\/a>, especializado em Educa\u00e7\u00e3o Musical, Audi\u00e7\u00e3o e Linguagem e Pedagogia Terap\u00eautica.<\/p>\n<p>Eu n\u00e3o Quero Ir \u00e0 Escola! segue-se a Eu n\u00e3o Quero Ler!, Eu n\u00e3o Quero Ir para a Cama! e Eu n\u00e3o Quero Largar o Telem\u00f3vel! Uma colec\u00e7\u00e3o bestseller internacional, traduzida para sete l\u00ednguas e que o autor define como \u201chist\u00f3rias inspiradoras que celebram as descobertas e o prazer de aprender\u201d.<\/p>\n<p>Neste t\u00edtulo, a descoberta ser\u00e1 a de que, afinal, ficar sozinho em casa entre consolas, televis\u00e3o e brinquedos \u00e9 muito menos entusiasmante do que estar na escola com amigos alegres e professores dedicados.<\/p>\n<p>A dada altura da manh\u00e3, o menino, aborrecido, questiona-se, enquanto se v\u00ea ao espelho: \u201cPerdi a cabe\u00e7a?\u201d Despenteado e de pijama vestido, reflecte: \u201cHoje \u00e9 o meu primeiro dia de escola\u2026 Um dos dias mais importantes da minha vida! E o que \u00e9 que eu fa\u00e7o? Fico em casa sozinho a brincar com os meus brinquedos! Passei o Ver\u00e3o todo a fazer a mesma coisa! E j\u00e1 estou farto de brincar!\u201d<\/p>\n<p>                &#13;<br \/>\n                    &#13;<br \/>\n                    &#13;<br \/>\n                        \u201cTenho de ir para a escola! Tenho de fazer amigos! E tenho de aprender coisas novas\u201d, acaba por concluir o rapaz&#13;<br \/>\nAntonio P\u00e9rez Hern\u00e1ndez                    &#13;<\/p>\n<p>A import\u00e2ncia dos contos na comunica\u00e7\u00e3o<\/p>\n<p>Antonio P\u00e9rez Hern\u00e1ndez, espanhol, \u00e9 mestre em Investiga\u00e7\u00e3o e Inova\u00e7\u00e3o na Educa\u00e7\u00e3o, tendo como foco de interesse a import\u00e2ncia dos contos no desenvolvimento da comunica\u00e7\u00e3o no ensino b\u00e1sico. O t\u00edtulo da sua tese de doutoramento revela justamente essa preocupa\u00e7\u00e3o: \u201cAvalia\u00e7\u00e3o da compet\u00eancia em comunica\u00e7\u00e3o lingu\u00edstica atrav\u00e9s dos contos no ensino b\u00e1sico\u201d.<\/p>\n<p>O facto de continuar a ser professor permite-lhe o conv\u00edvio directo com crian\u00e7as entre os 6 e os 10 anos, pelo que quotidianamente se apropria das suas aspira\u00e7\u00f5es, brincadeiras e inquieta\u00e7\u00f5es.<\/p>\n<p>Ao transpor esses comportamentos e emo\u00e7\u00f5es para as hist\u00f3rias simples que cria, numa linguagem fluida e adequada \u00e0quele grupo et\u00e1rio, com facilidade conquista os pequenos leitores, que com elas se identificam. Na escrita, parece-nos, no entanto, excessivo o uso de pontos de exclama\u00e7\u00e3o e de retic\u00eancias.<\/p>\n<p>Martim acabar\u00e1 por resolver ir \u00e0 escola. Mesmo chegando atrasado e num carro da pol\u00edcia (n\u00e3o iremos contar porqu\u00ea), foi bem acolhido e logo se integrou no grupo.<\/p>\n<p>Quem mais o surpreendeu foi o professor de m\u00fasica. \u201cQue homem t\u00e3o divertido!\u201d Mais ainda quando lhe passou uma pandeireta para as m\u00e3os e distribuiu outros instrumentos por todos os alunos. \u201cBate-lhe com a m\u00e3o, canta e ri, canta\u2026 e sorri.\u201d<\/p>\n<p>Quando o rel\u00f3gio marcou a hora de sa\u00edda, Martim n\u00e3o queria acreditar na velocidade com que o tempo passara, muito diferente da lentid\u00e3o de quando estava sozinho.<\/p>\n<p>                &#13;<br \/>\n                    &#13;<br \/>\n                    &#13;<br \/>\n                        No regresso a casa, contou \u00e0 m\u00e3e, quase sem f\u00f4lego: \u201cCantei uma can\u00e7\u00e3o\u2026 e fiz um desenho\u2026 toquei um instrumento musical\u2026 e fiz amigos novos\u2026 e tamb\u00e9m joguei futebol\u2026 e\u2026\u201d&#13;<br \/>\nAntonio P\u00e9rez Hern\u00e1ndez                    &#13;<\/p>\n<p>No regresso a casa, a m\u00e3e quis saber o que fizera naquele dia inicial de aulas, e o rapaz quase perdeu o f\u00f4lego de entusiasmo: \u201cCantei uma can\u00e7\u00e3o\u2026 e fiz um desenho\u2026 toquei um instrumento musical\u2026 e fiz amigos novos\u2026 e tamb\u00e9m joguei futebol\u2026 e\u2026\u201d<\/p>\n<p>Suspeitamos de que no dia seguinte e nos outros adiante, Martim n\u00e3o voltar\u00e1 a ficar escondido debaixo dos len\u00e7\u00f3is.<\/p>\n<p>(Desejos de bom ano lectivo para alunos, professores e todos aqueles que fazem as escolas funcionar.)<\/p>\n<p>        &#13;<\/p>\n<p>                        &#13;<br \/>\n                            &#13;<\/p>\n<p>Texto e ilustra\u00e7\u00e3o: Antonio P\u00e9rez Hern\u00e1ndez<br \/>&#13;<br \/>\nTradu\u00e7\u00e3o: Ana Rita Sousa<br \/>&#13;<br \/>\nRevis\u00e3o: Beatriz Fonseca<br \/>&#13;<br \/>\nPagina\u00e7\u00e3o: Ana Seromenho<br \/>&#13;<br \/>\nEdi\u00e7\u00e3o: Presen\u00e7a<br \/>&#13;<br \/>\n80 p\u00e1gs., 11,90\u20ac (online 10,71\u20ac)<br \/>&#13;<br \/>\n<a href=\"https:\/\/www.presenca.pt\/products\/eu-nao-quero-ir-a-escola?\" target=\"_blank\" rel=\"nofollow noopener\">Comprar<\/a><\/p>\n<p>            &#13;<\/p>\n<p>Mais <a href=\"https:\/\/www.publico.pt\/letra-pequena\" target=\"_blank\" rel=\"nofollow noopener\">artigos Letra Pequena<\/a><\/p>\n","protected":false},"excerpt":{"rendered":"Martim decidiu agarrar-se aos len\u00e7\u00f3is da cama, depois de o despertador tocar pela manh\u00e3. Era o primeiro dia&hellip;\n","protected":false},"author":2,"featured_media":69533,"comment_status":"","ping_status":"","sticky":false,"template":"","format":"standard","meta":{"footnotes":""},"categories":[143],"tags":[18735,169,838,5106,114,115,3237,981,708,18734,18736,170,542,32,33,291],"class_list":{"0":"post-69532","1":"post","2":"type-post","3":"status-publish","4":"format-standard","5":"has-post-thumbnail","7":"category-livros","8":"tag-ano-lectivo","9":"tag-books","10":"tag-criancas","11":"tag-ensino-basico","12":"tag-entertainment","13":"tag-entretenimento","14":"tag-escola","15":"tag-familia","16":"tag-impar","17":"tag-letra-pequena","18":"tag-literatura-infantil","19":"tag-livros","20":"tag-para-redes","21":"tag-portugal","22":"tag-pt","23":"tag-relaxar"},"share_on_mastodon":{"url":"","error":""},"_links":{"self":[{"href":"https:\/\/www.europesays.com\/pt\/wp-json\/wp\/v2\/posts\/69532","targetHints":{"allow":["GET"]}}],"collection":[{"href":"https:\/\/www.europesays.com\/pt\/wp-json\/wp\/v2\/posts"}],"about":[{"href":"https:\/\/www.europesays.com\/pt\/wp-json\/wp\/v2\/types\/post"}],"author":[{"embeddable":true,"href":"https:\/\/www.europesays.com\/pt\/wp-json\/wp\/v2\/users\/2"}],"replies":[{"embeddable":true,"href":"https:\/\/www.europesays.com\/pt\/wp-json\/wp\/v2\/comments?post=69532"}],"version-history":[{"count":0,"href":"https:\/\/www.europesays.com\/pt\/wp-json\/wp\/v2\/posts\/69532\/revisions"}],"wp:featuredmedia":[{"embeddable":true,"href":"https:\/\/www.europesays.com\/pt\/wp-json\/wp\/v2\/media\/69533"}],"wp:attachment":[{"href":"https:\/\/www.europesays.com\/pt\/wp-json\/wp\/v2\/media?parent=69532"}],"wp:term":[{"taxonomy":"category","embeddable":true,"href":"https:\/\/www.europesays.com\/pt\/wp-json\/wp\/v2\/categories?post=69532"},{"taxonomy":"post_tag","embeddable":true,"href":"https:\/\/www.europesays.com\/pt\/wp-json\/wp\/v2\/tags?post=69532"}],"curies":[{"name":"wp","href":"https:\/\/api.w.org\/{rel}","templated":true}]}}