{"id":69542,"date":"2025-09-13T10:34:08","date_gmt":"2025-09-13T10:34:08","guid":{"rendered":"https:\/\/www.europesays.com\/pt\/69542\/"},"modified":"2025-09-13T10:34:08","modified_gmt":"2025-09-13T10:34:08","slug":"constitucional-confirma-rejeicao-de-candidatura-de-antonio-araujo-a-camara-do-porto-autarquicas-2025","status":"publish","type":"post","link":"https:\/\/www.europesays.com\/pt\/69542\/","title":{"rendered":"Constitucional confirma rejei\u00e7\u00e3o de candidatura de Ant\u00f3nio Ara\u00fajo \u00e0 C\u00e2mara do Porto | Aut\u00e1rquicas 2025"},"content":{"rendered":"<p>O Tribunal Constitucional julgou, esta sexta-feira, improcedentes os recursos apresentados pela candidatura independente de <a href=\"https:\/\/www.publico.pt\/2025\/06\/04\/politica\/noticia\/partidos-favores-antonio-araujo-candidato-porto-propoe-tunel-douro-2135597\" target=\"_blank\" rel=\"nofollow noopener\">Ant\u00f3nio Ara\u00fajo<\/a> \u00e0 C\u00e2mara do Porto ap\u00f3s o Tribunal da Rela\u00e7\u00e3o a ter rejeitado por assinaturas insuficientes, revela o ac\u00f3rd\u00e3o a que a Lusa teve acesso.<\/p>\n<p>&#8220;Nestes termos, e por todos os fundamentos expostos, decide julgar-se improcedentes todos os recursos, assim se confirmando a decis\u00e3o de rejei\u00e7\u00e3o das candidaturas apresentadas pelo Grupo de Cidad\u00e3os Eleitores designado por &#8220;Ant\u00f3nio Ara\u00fajo \u2014 Fazer das tripas cora\u00e7\u00e3o&#8221;. A 26 de Agosto, o Tribunal da Rela\u00e7\u00e3o do Porto rejeitou a candidatura apresentada invocando, segundo o ac\u00f3rd\u00e3o, que das 4.000 assinaturas necess\u00e1rias, foram apenas apresentadas 1.800.<\/p>\n<p>Em comunicado enviado \u00e0 Lusa, o Movimento &#8220;Ant\u00f3nio Ara\u00fajo &#8211; Fazemos das Tripas Cora\u00e7\u00e3o&#8221; reagiu \u00e0 decis\u00e3o conhecida ao final da tarde, assegurando terem entregue &#8220;muito mais que o n\u00famero m\u00ednimo de assinaturas exigido (4.000)&#8221;, sublinhando que &#8220;tendo sido vedada a recontagem, a \u00faltima esperan\u00e7a residia na total imparcialidade do Tribunal Constitucional&#8221;.<\/p>\n<p>&#8220;Lamentavelmente, este \u00f3rg\u00e3o indeferiu o nosso recurso, o que, sendo o \u00faltimo reduto na defesa e cumprimento da lei, significa que n\u00e3o poderemos continuar com a nossa candidatura \u00e0 C\u00e2mara Municipal nem \u00e0 Assembleia Municipal do Porto&#8221;, l\u00ea-se no comunicado.<\/p>\n<p>Ao longo deste processo, continua a nota de impressa, a &#8220;candidatura sofreu as mais diversas press\u00f5es para n\u00e3o avan\u00e7ar, tanto pelos candidatos das diferentes for\u00e7as partid\u00e1rias, como por meros ajudantes de campo que, de forma insistente, tentavam &#8216;comprar&#8217; a nossa desist\u00eancia&#8221;.<\/p>\n<p>O movimento afirma &#8220;n\u00e3o querer acreditar que a justi\u00e7a sofra destes tipos de press\u00e3o&#8221;, e acrescenta que &#8220;teme que a dificuldade acrescida que todos os movimentos independentes possuem para conseguir apresentar uma candidatura, n\u00e3o seja mais que obst\u00e1culos determinados \u2014 legislativamente \u2014 pelos partidos pol\u00edticos que temem a ascens\u00e3o de grupos de cidad\u00e3os activos&#8221;.<\/p>\n<p>&#8220;Lembramos que esta era a \u00fanica candidatura verdadeiramente independente que, ao contr\u00e1rio de outros pseudo-independentes, nunca cedeu as insistentes tentativas de apoio, feitas por dois grandes partidos pol\u00edticos&#8221;, continua a reac\u00e7\u00e3o do movimento, que se reafirma ter &#8220;nascido do esp\u00edrito apartid\u00e1rio, liberal e inovador que t\u00e3o bem caracteriza o portuense&#8221;,<\/p>\n<p>E prossegue: &#8220;podem contar com o permanente escrut\u00ednio e apresenta\u00e7\u00e3o de solu\u00e7\u00f5es para a cidade que \u00e9 de todos, o Porto. Apesar de tudo, e dos tantos que n\u00e3o o querem, vamos continuar a fazer das tripas cora\u00e7\u00e3o pela Invicta!&#8221;.<\/p>\n<p>Contabilizam-se, assim, 12 candidaturas \u00e0 presid\u00eancia da C\u00e2mara do Porto: <a href=\"https:\/\/www.publico.pt\/2025\/06\/02\/politica\/noticia\/pizarro-promete-servir-porto-hesitacoes-calculismos-2135283\" target=\"_blank\" rel=\"nofollow noopener\">Manuel Pizarro<\/a> (PS), Diana Ferreira (CDU \u2014 coliga\u00e7\u00e3o PCP\/PEV), <a href=\"https:\/\/www.publico.pt\/2025\/08\/17\/politica\/noticia\/porto-independente-nuno-cardoso-assume-coligacao-instrumental-ppm-cidadaos-2144148\" target=\"_blank\" rel=\"nofollow noopener\">Nuno Cardoso<\/a> (Porto Primeiro \u2014\u200b coliga\u00e7\u00e3o NC\/PPM), <a href=\"https:\/\/www.publico.pt\/2025\/09\/01\/politica\/noticia\/pedro-duarte-promete-baixar-irs-municipal-porto-15-longo-mandato-2145575?ref=pedro-duarte&amp;cx=page__content\" target=\"_blank\" rel=\"nofollow noopener\">Pedro Duarte<\/a> (PSD\/IL\/CDS-PP), S\u00e9rgio Aires (BE), o actual vice-presidente <a href=\"https:\/\/www.publico.pt\/2025\/06\/30\/politica\/noticia\/seguranca-habitacao-promessa-independencia-filipe-araujo-apresentase-porto-2138450\" target=\"_blank\" rel=\"nofollow noopener\">Filipe Ara\u00fajo<\/a> (movimento independente), Guilherme Alexandre Jorge (Volt), <a href=\"https:\/\/www.publico.pt\/2025\/06\/19\/politica\/noticia\/livre-entra-corrida-camara-porto-desafiar-dominio-direita-2137106\" target=\"_blank\" rel=\"nofollow noopener\">H\u00e9lder Sousa<\/a> (Livre), <a href=\"https:\/\/www.publico.pt\/2025\/07\/23\/politica\/noticia\/ventura-eclipsa-candidato-chega-porto-fecha-apresentacao-tom-comicio-2141540\" target=\"_blank\" rel=\"nofollow noopener\">Miguel C\u00f4rte-Real<\/a> (Chega), Frederico Duarte Carvalho (ADN), Maria Am\u00e9lia Costa (PTP) e Lu\u00eds Tinoco Azevedo (Partido Liberal Social). An\u00edbal Pinto, que era candidato pelo Nova Direita, desistiu da candidatura em meados de Agosto.<\/p>\n<p>O actual executivo \u00e9 composto por uma maioria de seis eleitos do movimento de Rui Moreira e uma vereadora independente, sendo os restantes dois eleitos do PS, dois do PSD, um da CDU e um do BE.<\/p>\n<p>As elei\u00e7\u00f5es aut\u00e1rquicas est\u00e3o marcadas para <a href=\"https:\/\/www.publico.pt\/2025\/07\/03\/politica\/noticia\/governo-marca-eleicoes-autarquicas-12-outubro-2138832\" target=\"_blank\" rel=\"nofollow noopener\">12 de Outubro<\/a>.<\/p>\n<p><strong>Not\u00edcia actualizada \u00e0s 22h19 com o comunicado da candidatura<\/strong><\/p>\n","protected":false},"excerpt":{"rendered":"O Tribunal Constitucional julgou, esta sexta-feira, improcedentes os recursos apresentados pela candidatura independente de Ant\u00f3nio Ara\u00fajo \u00e0 C\u00e2mara&hellip;\n","protected":false},"author":2,"featured_media":69543,"comment_status":"","ping_status":"","sticky":false,"template":"","format":"standard","meta":{"footnotes":""},"categories":[8],"tags":[2431,27,28,15,16,14,18738,25,26,21,22,12,13,19,20,52,462,32,23,24,33,17,18,298,29,30,31],"class_list":{"0":"post-69542","1":"post","2":"type-post","3":"status-publish","4":"format-standard","5":"has-post-thumbnail","7":"category-principais-noticias","8":"tag-autarquicas-2025","9":"tag-breaking-news","10":"tag-breakingnews","11":"tag-featured-news","12":"tag-featurednews","13":"tag-headlines","14":"tag-independentes","15":"tag-latest-news","16":"tag-latestnews","17":"tag-main-news","18":"tag-mainnews","19":"tag-news","20":"tag-noticias","21":"tag-noticias-principais","22":"tag-noticiasprincipais","23":"tag-politica","24":"tag-porto","25":"tag-portugal","26":"tag-principais-noticias","27":"tag-principaisnoticias","28":"tag-pt","29":"tag-top-stories","30":"tag-topstories","31":"tag-tribunal-constitucional","32":"tag-ultimas","33":"tag-ultimas-noticias","34":"tag-ultimasnoticias"},"share_on_mastodon":{"url":"","error":""},"_links":{"self":[{"href":"https:\/\/www.europesays.com\/pt\/wp-json\/wp\/v2\/posts\/69542","targetHints":{"allow":["GET"]}}],"collection":[{"href":"https:\/\/www.europesays.com\/pt\/wp-json\/wp\/v2\/posts"}],"about":[{"href":"https:\/\/www.europesays.com\/pt\/wp-json\/wp\/v2\/types\/post"}],"author":[{"embeddable":true,"href":"https:\/\/www.europesays.com\/pt\/wp-json\/wp\/v2\/users\/2"}],"replies":[{"embeddable":true,"href":"https:\/\/www.europesays.com\/pt\/wp-json\/wp\/v2\/comments?post=69542"}],"version-history":[{"count":0,"href":"https:\/\/www.europesays.com\/pt\/wp-json\/wp\/v2\/posts\/69542\/revisions"}],"wp:featuredmedia":[{"embeddable":true,"href":"https:\/\/www.europesays.com\/pt\/wp-json\/wp\/v2\/media\/69543"}],"wp:attachment":[{"href":"https:\/\/www.europesays.com\/pt\/wp-json\/wp\/v2\/media?parent=69542"}],"wp:term":[{"taxonomy":"category","embeddable":true,"href":"https:\/\/www.europesays.com\/pt\/wp-json\/wp\/v2\/categories?post=69542"},{"taxonomy":"post_tag","embeddable":true,"href":"https:\/\/www.europesays.com\/pt\/wp-json\/wp\/v2\/tags?post=69542"}],"curies":[{"name":"wp","href":"https:\/\/api.w.org\/{rel}","templated":true}]}}