{"id":69548,"date":"2025-09-13T10:41:09","date_gmt":"2025-09-13T10:41:09","guid":{"rendered":"https:\/\/www.europesays.com\/pt\/69548\/"},"modified":"2025-09-13T10:41:09","modified_gmt":"2025-09-13T10:41:09","slug":"estavamos-a-procura-do-melhor-2","status":"publish","type":"post","link":"https:\/\/www.europesays.com\/pt\/69548\/","title":{"rendered":"\u00abEst\u00e1vamos \u00e0 procura do melhor\u00bb"},"content":{"rendered":"<p><strong>Jorge Jesus explicou o motivo que levou \u00e0 sa\u00edda de Ot\u00e1vio. A contrata\u00e7\u00e3o de Kingsley Coman levou \u00e0 sa\u00edda do m\u00e9dio portugu\u00eas.<\/strong><\/p>\n<p>Jorge Jesus foi chamado a explicar a sa\u00edda de Ot\u00e1vio e n\u00e3o fugiu ao tema. O m\u00e9dio portugu\u00eas trocou o <a href=\"https:\/\/bolanarede.pt\/especial-bola-na-rede\/atualidade\/al-qadisiyah-confirma-contratacao-de-otavio-ao-al-nassr\/\" target=\"_blank\" rel=\"noreferrer noopener nofollow\">Al Nassr pelo Al Qadisiyah<\/a> e o t\u00e9cnico justificou a transfer\u00eancia com a contrata\u00e7\u00e3o de Kingsley Coman:<\/p>\n<p>\u00abO Ot\u00e1vio \u00e9 um excelente jogador, mas est\u00e1vamos \u00e0 procura do melhor, por isso contrat\u00e1mos o [Kingsley] Coman\u00bb, afirmou o t\u00e9cnico portugu\u00eas em confer\u00eancia de imprensa.<\/p>\n<p>Ot\u00e1vio esteve duas temporadas no Al Nassr, tendo somado um golo e oito assist\u00eancias em 40 jogos na \u00faltima \u00e9poca.<\/p>\n","protected":false},"excerpt":{"rendered":"Jorge Jesus explicou o motivo que levou \u00e0 sa\u00edda de Ot\u00e1vio. A contrata\u00e7\u00e3o de Kingsley Coman levou \u00e0&hellip;\n","protected":false},"author":2,"featured_media":754,"comment_status":"","ping_status":"","sticky":false,"template":"","format":"standard","meta":{"footnotes":""},"categories":[87],"tags":[685,260,135,1147,7963,15486,687,32,33,134],"class_list":{"0":"post-69548","1":"post","2":"type-post","3":"status-publish","4":"format-standard","5":"has-post-thumbnail","7":"category-desporto","8":"tag-al-nassr","9":"tag-atualidade","10":"tag-desporto","11":"tag-jorge-jesus","12":"tag-kingsley-coman","13":"tag-liga-arabia-saudita","14":"tag-otavio","15":"tag-portugal","16":"tag-pt","17":"tag-sports"},"share_on_mastodon":{"url":"","error":""},"_links":{"self":[{"href":"https:\/\/www.europesays.com\/pt\/wp-json\/wp\/v2\/posts\/69548","targetHints":{"allow":["GET"]}}],"collection":[{"href":"https:\/\/www.europesays.com\/pt\/wp-json\/wp\/v2\/posts"}],"about":[{"href":"https:\/\/www.europesays.com\/pt\/wp-json\/wp\/v2\/types\/post"}],"author":[{"embeddable":true,"href":"https:\/\/www.europesays.com\/pt\/wp-json\/wp\/v2\/users\/2"}],"replies":[{"embeddable":true,"href":"https:\/\/www.europesays.com\/pt\/wp-json\/wp\/v2\/comments?post=69548"}],"version-history":[{"count":0,"href":"https:\/\/www.europesays.com\/pt\/wp-json\/wp\/v2\/posts\/69548\/revisions"}],"wp:featuredmedia":[{"embeddable":true,"href":"https:\/\/www.europesays.com\/pt\/wp-json\/wp\/v2\/media\/754"}],"wp:attachment":[{"href":"https:\/\/www.europesays.com\/pt\/wp-json\/wp\/v2\/media?parent=69548"}],"wp:term":[{"taxonomy":"category","embeddable":true,"href":"https:\/\/www.europesays.com\/pt\/wp-json\/wp\/v2\/categories?post=69548"},{"taxonomy":"post_tag","embeddable":true,"href":"https:\/\/www.europesays.com\/pt\/wp-json\/wp\/v2\/tags?post=69548"}],"curies":[{"name":"wp","href":"https:\/\/api.w.org\/{rel}","templated":true}]}}