{"id":70005,"date":"2025-09-13T17:46:03","date_gmt":"2025-09-13T17:46:03","guid":{"rendered":"https:\/\/www.europesays.com\/pt\/70005\/"},"modified":"2025-09-13T17:46:03","modified_gmt":"2025-09-13T17:46:03","slug":"apos-vencer-o-big-brother-jessica-vieira-foi-para-casa-com-alguem-muito-especial-ficamos-ate-as-6-da-manha-tvi","status":"publish","type":"post","link":"https:\/\/www.europesays.com\/pt\/70005\/","title":{"rendered":"Ap\u00f3s vencer o Big Brother, J\u00e9ssica Vieira foi para casa com algu\u00e9m muito especial: \u00abFic\u00e1mos at\u00e9 \u00e0s 6 da manh\u00e3\u00bb &#8211; TVI"},"content":{"rendered":"<ol>\n<li><a href=\"https:\/\/news.google.com\/rss\/articles\/CBMi-AFBVV95cUxQSDZZTUZscVFqUHdlTGxtVzBmcGI1MnpRemM2dmRpMTM4TGdZLUtTaWc1T1BVQUN6cTFFTkViTC1ROXU5MjJ5VmNCa2hCNll3VXRyNmVhLWxPajBxSlJ0bGdVZGtsNG83ZFI4bXdtVlF2V3YydUdzcDlpMlBfd3RFNl9mX1l6dTZMTzRleWhuTXlFUXVzYW1VU21kU2h0YjY0V1hYZ3BQa3ZIeWZXNXRGeGhTeUpCUF9tUHRteWZKdG9tdDJ4cFBKaEdyM1FZSlNydDFoU0VQT2VCREgzclR5ZXkzSXQ1bENBNlY2QkM2UHlOUFJtWDVLUdIB_gFBVV95cUxNMUx5eGZiRVdEdFZKYmhSNWlnenhCZkptY0FTSkdMLUxpS3BfZ19MVWUtMnBrcm1VdC1MYi1TSVV6MDVmaVRJRkRGX3JNNmhvRFJIUEdvb2NiU3dyTjE2djZJQXlrVmlTWlF5ZWZxZXY5R004OGVhLTZleWxUOWhhMEpmWU1TNVRTWTZPZkpJNk1XbEJYWF81X3g4ZEwyOUw3SUppcm16eHR6ZEhTRVc1bzBCaWZEckpjSTJSSTN3bHkxSVhaamRlTkVxcm1KYVdpRUxsb280ckdkZWxQVkVuSTBZYlVfaEdBOV9IN2VEbVVaUks1dDJzYjVmeDQ4Zw?oc=5\" target=\"_blank\" rel=\"nofollow noopener\">Ap\u00f3s vencer o Big Brother, J\u00e9ssica Vieira foi para casa com algu\u00e9m muito especial: \u00abFic\u00e1mos at\u00e9 \u00e0s 6 da manh\u00e3\u00bb<\/a>&nbsp;&nbsp;TVI<\/li>\n<li><a href=\"https:\/\/news.google.com\/rss\/articles\/CBMimgJBVV95cUxNbFptSHlVeklETGZTbTJRZUt6MUNXNkEyMDc4b1htQV9sRDZzRURVWmNxckJoY0VINVcxNVJRNHQ3VmV5elFOelN5dEpvYXJPVTJDRnJpblhGYzdFSmpiSnhWRGpDRjVJQ3pOaklGTXBHQnFvendyLTVzWFRnclVaOW9vR3oyWTR5aF9XTmRvaTlHaFBxUFJmUWhvZS1mZ0lZNmRfaDJjSFFCUHkxQi1hRzlJRUFLYWZIejh1RVN6cldNdjZQTmdXYUlWVTBUdXg1MU1aRWZmWTVSLXVPRXlmVnhEcjRHaGNWT19vaVNiTnZQTTR4cHU2V2FNMGJpNnNIaVVteEk1RHEzVFh3V3lCbEVGdURyMGwwUXc?oc=5\" target=\"_blank\" rel=\"nofollow noopener\">Catarina Miranda volta a estar perto do seu grande sonho&#8230; e volta a falhar, com todos contra ela. E agora, qual o pr\u00f3ximo passo para a jovem de Almeirim?<\/a>&nbsp;&nbsp;Flash.pt<\/li>\n<li><a href=\"https:\/\/news.google.com\/rss\/articles\/CBMikAFBVV95cUxQcjNuWlNGdk9fX2p4em1Za3Ata2JEdmN5V1dhaUhUaVJCRE1nemZRYjVUUW4xXy1IWXJXRHB0X2ZzQWxHRVhtbDg0VVpnX1ZiLUl3WWhpUG1Xb0Q2YWtBbWlsUS1VLXl4ZFpuZnJnaGEzWmR2dmNZbmQwTUZ6cVNGcUxyLVp5bW1EWGI4R2loMG8?oc=5\" target=\"_blank\" rel=\"nofollow noopener\">TVI festeja em grande! Final do \u201cBig Brother Ver\u00e3o\u201d l\u00edder destacado<\/a>&nbsp;&nbsp;Dioguinho<\/li>\n<li><a href=\"https:\/\/news.google.com\/rss\/articles\/CBMimgFBVV95cUxPSk02UmNscmlwWDZ4S2w5d0RyODJwUm5HYnVvZVhmbkM1OHFWMl95bXNiQW5PdnN4d3ZqUlNKUV83WGJwT3JrWm5uLUhnNmFjQjBDbGRCZ1VqaS13ZkN4bF91ek5KMFNYMEhMSjdoODV6dEsxQXFmNVRUSUxLTXcwRnpkeXRlNXZabm5Lc2NuZmNyNnBlUy1tLWJR?oc=5\" target=\"_blank\" rel=\"nofollow noopener\">Audi\u00eancias disparam na \u00faltima gala do Big Brother Ver\u00e3o<\/a>&nbsp;&nbsp;A Televis\u00e3o<\/li>\n<li><a href=\"https:\/\/news.google.com\/rss\/articles\/CBMipwFBVV95cUxNZXNPckhvd3lvcHZUdUw2OWl6em44S0g1eFpOempfUlpQQW5Mano2bGt4V3FtWkQ1ejVUQV9xVUtSV25meTJiUFZibmxBZXA5eW9EZDZaa3ZITWRYRnNXSzZNanJhSlQ0cTVsOWV2WlFOdHdoaDdpRWxJQWc3b2tsVkxWb0VlWlhZQzdoTnlZMUZFWXNUckozUkR0MTQyNEhkWlBlRzA2OA?oc=5\" target=\"_blank\" rel=\"nofollow noopener\">Gabriel Sousa goza com derrota de Miranda no Big Brother: &#8220;este mel\u00e3ozinho de Almeirim&#8221;<\/a>&nbsp;&nbsp;infocul.pt<\/li>\n<\/ol>\n","protected":false},"excerpt":{"rendered":"Ap\u00f3s vencer o Big Brother, J\u00e9ssica Vieira foi para casa com algu\u00e9m muito especial: \u00abFic\u00e1mos at\u00e9 \u00e0s 6&hellip;\n","protected":false},"author":2,"featured_media":4247,"comment_status":"","ping_status":"","sticky":false,"template":"","format":"standard","meta":{"footnotes":""},"categories":[85],"tags":[114,115,32,33],"class_list":{"0":"post-70005","1":"post","2":"type-post","3":"status-publish","4":"format-standard","5":"has-post-thumbnail","7":"category-entretenimento","8":"tag-entertainment","9":"tag-entretenimento","10":"tag-portugal","11":"tag-pt"},"share_on_mastodon":{"url":"","error":""},"_links":{"self":[{"href":"https:\/\/www.europesays.com\/pt\/wp-json\/wp\/v2\/posts\/70005","targetHints":{"allow":["GET"]}}],"collection":[{"href":"https:\/\/www.europesays.com\/pt\/wp-json\/wp\/v2\/posts"}],"about":[{"href":"https:\/\/www.europesays.com\/pt\/wp-json\/wp\/v2\/types\/post"}],"author":[{"embeddable":true,"href":"https:\/\/www.europesays.com\/pt\/wp-json\/wp\/v2\/users\/2"}],"replies":[{"embeddable":true,"href":"https:\/\/www.europesays.com\/pt\/wp-json\/wp\/v2\/comments?post=70005"}],"version-history":[{"count":0,"href":"https:\/\/www.europesays.com\/pt\/wp-json\/wp\/v2\/posts\/70005\/revisions"}],"wp:featuredmedia":[{"embeddable":true,"href":"https:\/\/www.europesays.com\/pt\/wp-json\/wp\/v2\/media\/4247"}],"wp:attachment":[{"href":"https:\/\/www.europesays.com\/pt\/wp-json\/wp\/v2\/media?parent=70005"}],"wp:term":[{"taxonomy":"category","embeddable":true,"href":"https:\/\/www.europesays.com\/pt\/wp-json\/wp\/v2\/categories?post=70005"},{"taxonomy":"post_tag","embeddable":true,"href":"https:\/\/www.europesays.com\/pt\/wp-json\/wp\/v2\/tags?post=70005"}],"curies":[{"name":"wp","href":"https:\/\/api.w.org\/{rel}","templated":true}]}}