{"id":70121,"date":"2025-09-13T19:28:07","date_gmt":"2025-09-13T19:28:07","guid":{"rendered":"https:\/\/www.europesays.com\/pt\/70121\/"},"modified":"2025-09-13T19:28:07","modified_gmt":"2025-09-13T19:28:07","slug":"sarampo-entenda-a-complicacao-rara-que-causou-morte-de-crianca-nos-eua-e-como-se-prevenir","status":"publish","type":"post","link":"https:\/\/www.europesays.com\/pt\/70121\/","title":{"rendered":"Sarampo: entenda a complica\u00e7\u00e3o rara que causou morte de crian\u00e7a nos EUA e como se prevenir"},"content":{"rendered":"<p>                        <a href=\"https:\/\/img.nsctotal.com.br\/wp-content\/uploads\/2025\/09\/casos-de-sarampo-aumentaram-nas-americas.jpg\" data-caption=\"casos de sarampo aumentaram nas am\u00e9ricas\" aria-label=\"casos de sarampo aumentaram nas am\u00e9ricas\" rel=\"nofollow noopener\" target=\"_blank\"><img width=\"944\" height=\"531\" src=\"data:image\/svg+xml,%3Csvg%20xmlns=\" http:=\"\" class=\"attachment-custom-large size-custom-large article-featured-image\" alt=\"casos de sarampo aumentaram nas am\u00e9ricas\" fetchpriority=\"high\" decoding=\"async\" data-lazy- data-lazy- data-lazy-src=\"https:\/\/www.europesays.com\/pt\/wp-content\/uploads\/2025\/09\/casos-de-sarampo-aumentaram-nas-americas-944x531.jpg\"\/><\/a><\/p>\n<p>Entenda a condi\u00e7\u00e3o que o sarampo causou em crian\u00e7a anos depois (Foto: Reprodu\u00e7\u00e3o)<\/p>\n<p>Uma complica\u00e7\u00e3o rara causada pelo sarampo causou uma triste not\u00edcia no Condado de Los Angeles, nos Estado Unidos. Segundo a CNN, o departamento de sa\u00fade do local comunicou que uma crian\u00e7a em idade escolar morreu por uma condi\u00e7\u00e3o originada pelo sarampo que teve quando ainda era um beb\u00ea.<\/p>\n<p>Continua depois da publicidade<\/p>\n<p>A crian\u00e7a foi infectada por sarampo antes de ter a idade certa para tomar a vacina, que \u00e9 entre 12 e 15 meses de idade, com segunda dose entre 4 e 6 anos de idade.<\/p>\n<p>Com isso, a crian\u00e7a se recuperou da infec\u00e7\u00e3o do sarampo, mas acabou desenvolvendo uma condi\u00e7\u00e3o chamada panenecefalite esclerosante subaguda. A condi\u00e7\u00e3o \u00e9 t\u00e3o rara que afeta 1 em cada 10 mil pessoas que n\u00e3o tomaram a vacina contra o sarampo.<\/p>\n<p>Essa doen\u00e7a acaba se desenvolvendo anos depois que a crian\u00e7a teve o sarampo, causando altera\u00e7\u00f5es de personalidade, comportamento, problemas na fala e fun\u00e7\u00f5es motoras e tamb\u00e9m causando epilepsia. N\u00e3o tem cura e \u00e9 fatal em 95% dos casos.<\/p>\n<p>Continua depois da publicidade<\/p>\n<p>O caso acontece em um momento de alerta para o aumento do n\u00famero de casos de sarampo nas Am\u00e9ricas. S\u00f3 nos Estados Unidos foram 1.454 casos em 2025, o maior n\u00famero desde que a doen\u00e7a tinha sido declarada eliminada em 2000.<\/p>\n<p>Aqui no Brasil, o Minist\u00e9rio da Sa\u00fade divulgou nota t\u00e9cnica para o aumento dos casos no continente americano, o que provocou aumento tamb\u00e9m na procura por vacinas e exames. J\u00e1 s\u00e3o 2.325 casos registrados, com quatro \u00f3bitos em pa\u00edses como Argentina, Bol\u00edvia, Canad\u00e1, M\u00e9xico, Estados Unidos e Brasil.<\/p>\n<p>Preven\u00e7\u00e3o do Sarampo<\/p>\n<p>Para prevenir o sarampo, a principal e mais eficaz medida \u00e9 a vacina\u00e7\u00e3o com a vacina tr\u00edplice viral, que protege contra sarampo, caxumba e rub\u00e9ola. O Programa Nacional de Imuniza\u00e7\u00f5es recomenda que:<\/p>\n<p>Continua depois da publicidade<\/p>\n<ul class=\"wp-block-list\">\n<li>Crian\u00e7as a partir de 12 meses devem tomar a 1\u00aa dose da vacina tr\u00edplice viral.<\/li>\n<li>Aos 15 meses, \u00e9 indicada a segunda dose, geralmente na forma da vacina tetra viral (que tamb\u00e9m protege contra catapora).<\/li>\n<li>Pessoas de 5 a 29 anos que n\u00e3o foram vacinadas ou t\u00eam esquema incompleto devem receber duas doses da vacina, com intervalo m\u00ednimo de 30 dias.<\/li>\n<li>Adultos de 30 a 59 anos devem tomar pelo menos uma dose da vacina tr\u00edplice viral.<\/li>\n<\/ul>\n<p>Al\u00e9m da vacina\u00e7\u00e3o, \u00e9 importante ficar atento aos sinais da doen\u00e7a e evitar contato com pessoas infectadas, principalmente em ambientes como escolas, creches e locais com aglomera\u00e7\u00f5es. O sarampo \u00e9 altamente contagioso, transmitido por got\u00edculas respirat\u00f3rias ao tossir, espirrar ou falar.<\/p>\n<p>Veja tamb\u00e9m: entenda mais sobre a escarlatina<\/p>\n<p>Continua depois da publicidade<\/p>\n<p><strong><a href=\"https:\/\/www.nsctotal.com.br\/noticias\/sc-implementa-dose-zero-contra-o-sarampo-em-bebes-de-6-a-11-meses\" target=\"_blank\" rel=\"noreferrer noopener nofollow\">SC implementa \u201cDose Zero\u201d contra o sarampo em beb\u00eas de 6 a 11 meses\u00a0<\/a><\/strong><\/p>\n","protected":false},"excerpt":{"rendered":"Entenda a condi\u00e7\u00e3o que o sarampo causou em crian\u00e7a anos depois (Foto: Reprodu\u00e7\u00e3o) Uma complica\u00e7\u00e3o rara causada pelo&hellip;\n","protected":false},"author":2,"featured_media":70122,"comment_status":"","ping_status":"","sticky":false,"template":"","format":"standard","meta":{"footnotes":""},"categories":[86],"tags":[116,32,33,117,794],"class_list":{"0":"post-70121","1":"post","2":"type-post","3":"status-publish","4":"format-standard","5":"has-post-thumbnail","7":"category-saude","8":"tag-health","9":"tag-portugal","10":"tag-pt","11":"tag-saude","12":"tag-voce-viu"},"share_on_mastodon":{"url":"","error":""},"_links":{"self":[{"href":"https:\/\/www.europesays.com\/pt\/wp-json\/wp\/v2\/posts\/70121","targetHints":{"allow":["GET"]}}],"collection":[{"href":"https:\/\/www.europesays.com\/pt\/wp-json\/wp\/v2\/posts"}],"about":[{"href":"https:\/\/www.europesays.com\/pt\/wp-json\/wp\/v2\/types\/post"}],"author":[{"embeddable":true,"href":"https:\/\/www.europesays.com\/pt\/wp-json\/wp\/v2\/users\/2"}],"replies":[{"embeddable":true,"href":"https:\/\/www.europesays.com\/pt\/wp-json\/wp\/v2\/comments?post=70121"}],"version-history":[{"count":0,"href":"https:\/\/www.europesays.com\/pt\/wp-json\/wp\/v2\/posts\/70121\/revisions"}],"wp:featuredmedia":[{"embeddable":true,"href":"https:\/\/www.europesays.com\/pt\/wp-json\/wp\/v2\/media\/70122"}],"wp:attachment":[{"href":"https:\/\/www.europesays.com\/pt\/wp-json\/wp\/v2\/media?parent=70121"}],"wp:term":[{"taxonomy":"category","embeddable":true,"href":"https:\/\/www.europesays.com\/pt\/wp-json\/wp\/v2\/categories?post=70121"},{"taxonomy":"post_tag","embeddable":true,"href":"https:\/\/www.europesays.com\/pt\/wp-json\/wp\/v2\/tags?post=70121"}],"curies":[{"name":"wp","href":"https:\/\/api.w.org\/{rel}","templated":true}]}}