{"id":70148,"date":"2025-09-13T19:53:12","date_gmt":"2025-09-13T19:53:12","guid":{"rendered":"https:\/\/www.europesays.com\/pt\/70148\/"},"modified":"2025-09-13T19:53:12","modified_gmt":"2025-09-13T19:53:12","slug":"gene-simmons-usa-ozzy-osbourne-para-explicar-que-nao-e-tao-rico-quanto-pensam","status":"publish","type":"post","link":"https:\/\/www.europesays.com\/pt\/70148\/","title":{"rendered":"Gene Simmons usa Ozzy Osbourne para explicar que n\u00e3o \u00e9 t\u00e3o rico quanto pensam"},"content":{"rendered":"<p>Em entrevista recente ao podcast <a href=\"https:\/\/youtu.be\/XXLcq1lzjX4\" rel=\"nofollow noopener\" target=\"_blank\">Fail Better With David Duchovny<\/a> (via <a href=\"https:\/\/www.ultimate-guitar.com\/news\/general_music_news\/hes-supposed-to-be-the-prince-of-darkness-and-yet-gene-simmons-opens-up-on-what-the-real-ozzy-was-actually-like-says-hes-not-as-rich-as-people-think\/\" rel=\"nofollow noopener\" target=\"_blank\">Ultimate Guitar<\/a>), Gene Simmons, baixista do Kiss, relembrou com emo\u00e7\u00e3o o legado de Ozzy Osbourne e destacou a forma surpreendentemente simples e humana com que o cantor se relacionava com todos ao seu redor. Para Simmons, o comportamento do vocalista do Black Sabbath foi uma verdadeira li\u00e7\u00e3o de humildade.<\/p>\n<p><a href=\"https:\/\/whiplash.net\/bandas\/k\/kiss.html\" class=\"linkBotao\" rel=\"nofollow noopener\" target=\"_blank\">Kiss &#8211; Mais Novidades<\/a><\/p>\n<p>CONTINUA DEPOIS DA PUBLICIDADE &#8211; CLI<\/p>\n<p>&#13;<br \/>\n&#13;<br \/>\n&#13;<br \/>\n&#13;<br \/>\n&#13;<br \/>\n&#13;<br \/>\n&#13;<br \/>\n&#13;<br \/>\n<a href=\"https:\/\/whiplash.net\/materias\/whiplash\/027002.html\" rel=\"nofollow noopener\" target=\"_blank\"><img decoding=\"async\" src=\"https:\/\/www.europesays.com\/pt\/wp-content\/uploads\/2025\/09\/1757700307_111_anunciar_diabo_336x280.gif\" loading=\"lazy\" width=\"336\" height=\"280\" class=\"widthConstrained\" style=\"background-color:#000000;display:block;\" alt=\"Anunciar bandas e shows de Rock e Heavy Metal\"\/><\/a>&#13;<\/p>\n<p>&#8220;Foi de partir o cora\u00e7\u00e3o, porque eu o conhecia h\u00e1 d\u00e9cadas&#8221;, disse o m\u00fasico, ao comentar sobre a morte de Ozzy. &#8220;Ele era um gigante, que tratava qualquer pessoa do mesmo jeito. N\u00e3o importava se era uma estrela ou o vizinho ao lado. Era sempre: \u2018Oi, como vai? Bom te ver\u2019. Sem nenhuma afeta\u00e7\u00e3o, sem nada.&#8221;<\/p>\n<p><a target=\"_blank\" href=\"https:\/\/www.europesays.com\/pt\/wp-content\/uploads\/2025\/09\/kiss_gene_simmons_midiorama.jpg\"><img loading=\"lazy\" decoding=\"async\" src=\"https:\/\/www.europesays.com\/pt\/wp-content\/uploads\/2025\/09\/kiss_gene_simmons_midiorama.jpg\" class=\"widthConstrained\" width=\"700\" height=\"464\" alt=\"Foto: Divulga\u00e7\u00e3o\"\/><\/a>Foto: Divulga\u00e7\u00e3o<\/p>\n<p>Simmons aproveitou para refletir sobre suas pr\u00f3prias posturas ao longo da carreira, admitindo que muitas vezes construiu uma &#8220;armadura&#8221; para parecer maior do que realmente era. &#8220;As pessoas acham que sou muito mais rico do que de fato sou. Fiz minha vida criando essa imagem para n\u00e3o ser ferido, mas quando voc\u00ea conhecia Ozzy, percebia que ele n\u00e3o precisava disso. Ele era apenas ele mesmo.&#8221;<\/p>\n<p>CONTINUA DEPOIS DA PUBLICIDADE &#8211; GOO<\/p>\n<p>&#13;<br \/>\n&#13;<br \/>\n&#13;<br \/>\n&#13;<br \/>\n<a href=\"https:\/\/whiplash.net\/materias\/whiplash\/027002.html\" rel=\"nofollow noopener\" target=\"_blank\"><img decoding=\"async\" src=\"https:\/\/www.europesays.com\/pt\/wp-content\/uploads\/2025\/09\/1757700307_111_anunciar_diabo_336x280.gif\" loading=\"lazy\" width=\"336\" height=\"280\" alt=\"Anunciar no Whiplash.Net\"\/><\/a>&#13;<br \/>\n&#13;<br \/>\n&#13;<br \/>\n&#13;<br \/>\n&#13;<br \/>\n&#13;<br \/>\n<a href=\"https:\/\/whiplash.net\/materias\/whiplash\/027002.html\" rel=\"nofollow noopener\" target=\"_blank\"><img decoding=\"async\" src=\"https:\/\/www.europesays.com\/pt\/wp-content\/uploads\/2025\/09\/1757700307_111_anunciar_diabo_336x280.gif\" loading=\"lazy\" width=\"336\" height=\"280\" class=\"widthConstrained\" style=\"background-color:#000000;display:block;\" alt=\"Anunciar bandas e shows de Rock e Heavy Metal\"\/><\/a>&#13;<\/p>\n<p>O baixista tamb\u00e9m comentou a dualidade entre o &#8220;Pr\u00edncipe das Trevas&#8221; do palco e o homem de carne e osso fora dele. &#8220;Nos shows, parecia uma terapia de gritos, toda aquela energia. Mas o verdadeiro Ozzy soprava beijos para os f\u00e3s e dizia \u2018eu amo voc\u00eas\u2019. Se isso \u00e9 ser o Pr\u00edncipe das Trevas, ent\u00e3o ele era o mais gentil de todos&#8221;, concluiu.<\/p>\n<p>A morte de Ozzy Osbourne<\/p>\n<p>Ozzy Osbourne faleceu em 22 de julho, aos 76 anos, em sua casa nos arredores de Buckinghamshire, Inglaterra. Ele estava cercado pelos familiares no momento de sua morte.<\/p>\n<p>O atestado de \u00f3bito revela que a causa principal foi um infarto agudo do mioc\u00e1rdio (ataque card\u00edaco), seguido de parada card\u00edaca fora de hospital. Ele tamb\u00e9m enfrentava doen\u00e7a arterial coronariana e lidava com Parkinson com disfun\u00e7\u00e3o auton\u00f4mica, condi\u00e7\u00f5es que tiveram papel como causas conjuntas.<\/p>\n<p>CONTINUA DEPOIS DA PUBLICIDADE &#8211; CLI<\/p>\n<p>&#13;<br \/>\n&#13;<br \/>\n&#13;<br \/>\n&#13;<br \/>\n&#13;<br \/>\n&#13;<br \/>\n&#13;<br \/>\n&#13;<br \/>\n<a href=\"https:\/\/whiplash.net\/materias\/whiplash\/027002.html\" rel=\"nofollow noopener\" target=\"_blank\"><img decoding=\"async\" src=\"https:\/\/www.europesays.com\/pt\/wp-content\/uploads\/2025\/09\/1757700307_111_anunciar_diabo_336x280.gif\" loading=\"lazy\" width=\"336\" height=\"280\" class=\"widthConstrained\" style=\"background-color:#000000;display:block;\" alt=\"Anunciar bandas e shows de Rock e Heavy Metal\"\/><\/a>&#13;<\/p>\n","protected":false},"excerpt":{"rendered":"Em entrevista recente ao podcast Fail Better With David Duchovny (via Ultimate Guitar), Gene Simmons, baixista do Kiss,&hellip;\n","protected":false},"author":2,"featured_media":70149,"comment_status":"","ping_status":"","sticky":false,"template":"","format":"standard","meta":{"footnotes":""},"categories":[141],"tags":[114,115,149,150,32,33],"class_list":{"0":"post-70148","1":"post","2":"type-post","3":"status-publish","4":"format-standard","5":"has-post-thumbnail","7":"category-musica","8":"tag-entertainment","9":"tag-entretenimento","10":"tag-music","11":"tag-musica","12":"tag-portugal","13":"tag-pt"},"share_on_mastodon":{"url":"","error":""},"_links":{"self":[{"href":"https:\/\/www.europesays.com\/pt\/wp-json\/wp\/v2\/posts\/70148","targetHints":{"allow":["GET"]}}],"collection":[{"href":"https:\/\/www.europesays.com\/pt\/wp-json\/wp\/v2\/posts"}],"about":[{"href":"https:\/\/www.europesays.com\/pt\/wp-json\/wp\/v2\/types\/post"}],"author":[{"embeddable":true,"href":"https:\/\/www.europesays.com\/pt\/wp-json\/wp\/v2\/users\/2"}],"replies":[{"embeddable":true,"href":"https:\/\/www.europesays.com\/pt\/wp-json\/wp\/v2\/comments?post=70148"}],"version-history":[{"count":0,"href":"https:\/\/www.europesays.com\/pt\/wp-json\/wp\/v2\/posts\/70148\/revisions"}],"wp:featuredmedia":[{"embeddable":true,"href":"https:\/\/www.europesays.com\/pt\/wp-json\/wp\/v2\/media\/70149"}],"wp:attachment":[{"href":"https:\/\/www.europesays.com\/pt\/wp-json\/wp\/v2\/media?parent=70148"}],"wp:term":[{"taxonomy":"category","embeddable":true,"href":"https:\/\/www.europesays.com\/pt\/wp-json\/wp\/v2\/categories?post=70148"},{"taxonomy":"post_tag","embeddable":true,"href":"https:\/\/www.europesays.com\/pt\/wp-json\/wp\/v2\/tags?post=70148"}],"curies":[{"name":"wp","href":"https:\/\/api.w.org\/{rel}","templated":true}]}}