{"id":70213,"date":"2025-09-13T20:31:07","date_gmt":"2025-09-13T20:31:07","guid":{"rendered":"https:\/\/www.europesays.com\/pt\/70213\/"},"modified":"2025-09-13T20:31:07","modified_gmt":"2025-09-13T20:31:07","slug":"recebia-um-terco-do-salario-dele-diz-jon-cryer-sobre-charlie-sheen","status":"publish","type":"post","link":"https:\/\/www.europesays.com\/pt\/70213\/","title":{"rendered":"&#8220;Recebia um ter\u00e7o do sal\u00e1rio dele&#8221;, diz Jon Cryer sobre Charlie Sheen"},"content":{"rendered":"<p>Lan\u00e7ado pela Netflix no dia 10 de setembro, o document\u00e1rio <strong>aka Charlie Sheen<\/strong><strong>\u00a0<\/strong>revela detalhes sobre a vida pessoal e profissional do ator e as pol\u00eamicas que o acompanharam.\u00a0<\/p>\n<p>A produ\u00e7\u00e3o conta com a participa\u00e7\u00e3o de figuras marcantes na vida do astro, incluindo<strong> Jon Cryer<\/strong>, que interpretou o irm\u00e3o de Charlie na famosa s\u00e9rie de com\u00e9dia Two and a Half Men. Cryer ganhou dois Emmys e sete indica\u00e7\u00f5es pelo papel de Alan Harper, irm\u00e3o do protagonista, interpretado por Sheen.\u00a0<\/p>\n<p>Em certo momento do document\u00e1rio da Netflix, Cryer revelou que ganhava um ter\u00e7o do valor que Charlie Sheen recebia pelo trabalho e o quanto a situa\u00e7\u00e3o era frustrante. &#8220;Ele estava no meio de desmoronar em todos os aspectos da vida dele enquanto renegociava o contrato para mais um ano de uma s\u00e9rie da qual eu deveria fazer parte tamb\u00e9m.&#8221;<\/p>\n<p>&#8220;O ditador da Coreia do Norte era um cara chamado Kim Jong-il. Ele agia de forma maluca o tempo todo e ganhava ajuda de outros pa\u00edses que tinham tanto medo dele que enviavam dinheiro. Era assim que era com o Charlie Sheen. As negocia\u00e7\u00f5es extrapolavam valores normais porque a vida dele tava desmoronando. Enquanto eu, cuja vida estava bem boa, recebia um ter\u00e7o daquilo.&#8221;<\/p>\n<p>Quando Cryer menciona que a vida de Charlie Sheen estava desmoronando, \u00e9 em refer\u00eancia \u00e0s pol\u00eamicas com o uso abusivo de drogas do ator, que acabaram fazendo com que ele fosse demitido em 2011 e substitu\u00eddo por Ashton Kutcher.\u00a0<\/p>\n","protected":false},"excerpt":{"rendered":"Lan\u00e7ado pela Netflix no dia 10 de setembro, o document\u00e1rio aka Charlie Sheen\u00a0revela detalhes sobre a vida pessoal&hellip;\n","protected":false},"author":2,"featured_media":70214,"comment_status":"","ping_status":"","sticky":false,"template":"","format":"standard","meta":{"footnotes":""},"categories":[145],"tags":[211,210,114,115,32,33],"class_list":{"0":"post-70213","1":"post","2":"type-post","3":"status-publish","4":"format-standard","5":"has-post-thumbnail","7":"category-celebridades","8":"tag-celebridades","9":"tag-celebrities","10":"tag-entertainment","11":"tag-entretenimento","12":"tag-portugal","13":"tag-pt"},"share_on_mastodon":{"url":"","error":""},"_links":{"self":[{"href":"https:\/\/www.europesays.com\/pt\/wp-json\/wp\/v2\/posts\/70213","targetHints":{"allow":["GET"]}}],"collection":[{"href":"https:\/\/www.europesays.com\/pt\/wp-json\/wp\/v2\/posts"}],"about":[{"href":"https:\/\/www.europesays.com\/pt\/wp-json\/wp\/v2\/types\/post"}],"author":[{"embeddable":true,"href":"https:\/\/www.europesays.com\/pt\/wp-json\/wp\/v2\/users\/2"}],"replies":[{"embeddable":true,"href":"https:\/\/www.europesays.com\/pt\/wp-json\/wp\/v2\/comments?post=70213"}],"version-history":[{"count":0,"href":"https:\/\/www.europesays.com\/pt\/wp-json\/wp\/v2\/posts\/70213\/revisions"}],"wp:featuredmedia":[{"embeddable":true,"href":"https:\/\/www.europesays.com\/pt\/wp-json\/wp\/v2\/media\/70214"}],"wp:attachment":[{"href":"https:\/\/www.europesays.com\/pt\/wp-json\/wp\/v2\/media?parent=70213"}],"wp:term":[{"taxonomy":"category","embeddable":true,"href":"https:\/\/www.europesays.com\/pt\/wp-json\/wp\/v2\/categories?post=70213"},{"taxonomy":"post_tag","embeddable":true,"href":"https:\/\/www.europesays.com\/pt\/wp-json\/wp\/v2\/tags?post=70213"}],"curies":[{"name":"wp","href":"https:\/\/api.w.org\/{rel}","templated":true}]}}