{"id":70279,"date":"2025-09-13T21:33:07","date_gmt":"2025-09-13T21:33:07","guid":{"rendered":"https:\/\/www.europesays.com\/pt\/70279\/"},"modified":"2025-09-13T21:33:07","modified_gmt":"2025-09-13T21:33:07","slug":"china-tem-plano-para-estabilizar-crescimento-das-vendas-de-automoveis","status":"publish","type":"post","link":"https:\/\/www.europesays.com\/pt\/70279\/","title":{"rendered":"China tem plano para &#8220;estabilizar&#8221; crescimento das vendas de autom\u00f3veis"},"content":{"rendered":"<p>A China disse hoje que tem um plano para &#8220;estabilizar&#8221; o crescimento do setor autom\u00f3vel nos pr\u00f3ximos dois anos, face \u00e1 guerra de pre\u00e7os entre fabricantes e as dificuldades \u00e0 exporta\u00e7\u00e3o de carros chineses.<\/p>\n<p>O plano prev\u00ea uma desacelera\u00e7\u00e3o do crescimento das vendas de ve\u00edculos a partir de 2025, sendo o objetivo de em 2025 face a 2024 haver um crescimento de 3% para aproximadamente 32,3 milh\u00f5es de ve\u00edculos vendidos.<\/p>\n<p>Tal representa uma quebra face ao crescimento de 4,5% registado entre 2023 e 2024, segundo a Associa\u00e7\u00e3o Chinesa de Fabricantes de Autom\u00f3veis.<\/p>\n<p>O plano, anunciado por oito ag\u00eancias governamentais para 2025 e 2026 e noticiado pela ag\u00eancia de not\u00edcias estatal Xinhua, tamb\u00e9m inclui &#8220;refor\u00e7ar os inqu\u00e9ritos sobre os custos e a monitoriza\u00e7\u00e3o dos pre\u00e7os&#8221;, assim como incentivar a inova\u00e7\u00e3o e apoiar a procura interna.<\/p>\n<p>O Estado chin\u00eas investiu massivamente nos \u00faltimos anos no desenvolvimento da ind\u00fastria chinesa de ve\u00edculos el\u00e9tricos.<\/p>\n<p>Mas a guerra de pre\u00e7os entre fabricantes a n\u00edvel global levou muitas empresas recentemente criadas \u00e0 fal\u00eancia, \u00e0 medida que os grandes fabricantes inundaram o mercado com ve\u00edculos de baixo custo acompanhados de programas de troca atrativos.<\/p>\n<p>Numa reuni\u00e3o em julho, altos respons\u00e1veis chineses apelaram \u00e0 conten\u00e7\u00e3o da &#8220;concorr\u00eancia irracional&#8221; e ao incentivo ao desenvolvimento &#8220;mais saud\u00e1vel&#8221; do setor.<\/p>\n<p>Os fabricantes de autom\u00f3veis chineses tamb\u00e9m enfrentam desafios nas exporta\u00e7\u00f5es, sobretudo para a Uni\u00e3o Europeia, que iniciou em 2023 uma investiga\u00e7\u00e3o sobre concorr\u00eancia desleal.<\/p>\n<p>No in\u00edcio desta semana, o M\u00e9xico anunciou um projeto de lei para aumentar as tarifas sobre os autom\u00f3veis chineses para 50%, face ao atual intervalo de 15% a 20%, irritando Pequim.<\/p>\n<p>Leia Tamb\u00e9m: <a href=\"https:\/\/www.noticiasaominuto.com\/auto\/2852711\/queremos-que-os-automoveis-do-futuro-sejam-feitos-na-europa\" target=\"_blank\" rel=\"noreferrer noopener nofollow\">&#8220;Queremos que os autom\u00f3veis do futuro sejam feitos na Europa&#8221;<\/a><\/p>\n","protected":false},"excerpt":{"rendered":"A China disse hoje que tem um plano para &#8220;estabilizar&#8221; o crescimento do setor autom\u00f3vel nos pr\u00f3ximos dois&hellip;\n","protected":false},"author":2,"featured_media":70280,"comment_status":"","ping_status":"","sticky":false,"template":"","format":"standard","meta":{"footnotes":""},"categories":[83],"tags":[88,89,90,32,33],"class_list":{"0":"post-70279","1":"post","2":"type-post","3":"status-publish","4":"format-standard","5":"has-post-thumbnail","7":"category-empresas","8":"tag-business","9":"tag-economy","10":"tag-empresas","11":"tag-portugal","12":"tag-pt"},"share_on_mastodon":{"url":"","error":""},"_links":{"self":[{"href":"https:\/\/www.europesays.com\/pt\/wp-json\/wp\/v2\/posts\/70279","targetHints":{"allow":["GET"]}}],"collection":[{"href":"https:\/\/www.europesays.com\/pt\/wp-json\/wp\/v2\/posts"}],"about":[{"href":"https:\/\/www.europesays.com\/pt\/wp-json\/wp\/v2\/types\/post"}],"author":[{"embeddable":true,"href":"https:\/\/www.europesays.com\/pt\/wp-json\/wp\/v2\/users\/2"}],"replies":[{"embeddable":true,"href":"https:\/\/www.europesays.com\/pt\/wp-json\/wp\/v2\/comments?post=70279"}],"version-history":[{"count":0,"href":"https:\/\/www.europesays.com\/pt\/wp-json\/wp\/v2\/posts\/70279\/revisions"}],"wp:featuredmedia":[{"embeddable":true,"href":"https:\/\/www.europesays.com\/pt\/wp-json\/wp\/v2\/media\/70280"}],"wp:attachment":[{"href":"https:\/\/www.europesays.com\/pt\/wp-json\/wp\/v2\/media?parent=70279"}],"wp:term":[{"taxonomy":"category","embeddable":true,"href":"https:\/\/www.europesays.com\/pt\/wp-json\/wp\/v2\/categories?post=70279"},{"taxonomy":"post_tag","embeddable":true,"href":"https:\/\/www.europesays.com\/pt\/wp-json\/wp\/v2\/tags?post=70279"}],"curies":[{"name":"wp","href":"https:\/\/api.w.org\/{rel}","templated":true}]}}