{"id":70289,"date":"2025-09-13T21:41:10","date_gmt":"2025-09-13T21:41:10","guid":{"rendered":"https:\/\/www.europesays.com\/pt\/70289\/"},"modified":"2025-09-13T21:41:10","modified_gmt":"2025-09-13T21:41:10","slug":"cardi-b-finge-ser-camelo-no-metro-de-nova-york-para-vender-albuns","status":"publish","type":"post","link":"https:\/\/www.europesays.com\/pt\/70289\/","title":{"rendered":"Cardi B finge ser camel\u00f4 no metro de Nova York para vender \u00e1lbuns"},"content":{"rendered":"<p class=\"bullet mt-0\" data-v-232111b4=\"\">A rapper americana Cardi B fingiu ser camel\u00f4 como parte da promo\u00e7\u00e3o de seu novo disco &#8220;Am I The Drama?&#8221;. A artista apareceu vestida casualmente no metr\u00f4 de Nova York, vendendo CDs e vinis de seu novo \u00e1lbum.<\/p>\n<p>O que aconteceu<\/p>\n<p class=\"bullet\" data-v-232111b4=\"\"><strong>A rapper apareceu no metr\u00f4 com uma caixa de CDs e vinis. <\/strong>Cardi B entrou num vag\u00e3o do metr\u00f4 com seu \u00e1lbum, dizendo que est\u00e1 tentando vender seus CDs, &#8220;mudar sua vida&#8221; e &#8220;dar um bom exemplo para os meus filhos&#8221;.<\/p>\n<p class=\"bullet\" data-v-232111b4=\"\"><strong>Na legenda do post, ela continua a brincadeira. <\/strong>&#8220;Sete dias at\u00e9 eu descobrir se eu vou perder minha casa. Compre meu \u00e1lbum para me ajudar a salv\u00e1-la&#8221;, ela escreveu.<\/p>\n","protected":false},"excerpt":{"rendered":"A rapper americana Cardi B fingiu ser camel\u00f4 como parte da promo\u00e7\u00e3o de seu novo disco &#8220;Am I&hellip;\n","protected":false},"author":2,"featured_media":70290,"comment_status":"","ping_status":"","sticky":false,"template":"","format":"standard","meta":{"footnotes":""},"categories":[141],"tags":[114,115,149,150,32,33],"class_list":{"0":"post-70289","1":"post","2":"type-post","3":"status-publish","4":"format-standard","5":"has-post-thumbnail","7":"category-musica","8":"tag-entertainment","9":"tag-entretenimento","10":"tag-music","11":"tag-musica","12":"tag-portugal","13":"tag-pt"},"share_on_mastodon":{"url":"","error":""},"_links":{"self":[{"href":"https:\/\/www.europesays.com\/pt\/wp-json\/wp\/v2\/posts\/70289","targetHints":{"allow":["GET"]}}],"collection":[{"href":"https:\/\/www.europesays.com\/pt\/wp-json\/wp\/v2\/posts"}],"about":[{"href":"https:\/\/www.europesays.com\/pt\/wp-json\/wp\/v2\/types\/post"}],"author":[{"embeddable":true,"href":"https:\/\/www.europesays.com\/pt\/wp-json\/wp\/v2\/users\/2"}],"replies":[{"embeddable":true,"href":"https:\/\/www.europesays.com\/pt\/wp-json\/wp\/v2\/comments?post=70289"}],"version-history":[{"count":0,"href":"https:\/\/www.europesays.com\/pt\/wp-json\/wp\/v2\/posts\/70289\/revisions"}],"wp:featuredmedia":[{"embeddable":true,"href":"https:\/\/www.europesays.com\/pt\/wp-json\/wp\/v2\/media\/70290"}],"wp:attachment":[{"href":"https:\/\/www.europesays.com\/pt\/wp-json\/wp\/v2\/media?parent=70289"}],"wp:term":[{"taxonomy":"category","embeddable":true,"href":"https:\/\/www.europesays.com\/pt\/wp-json\/wp\/v2\/categories?post=70289"},{"taxonomy":"post_tag","embeddable":true,"href":"https:\/\/www.europesays.com\/pt\/wp-json\/wp\/v2\/tags?post=70289"}],"curies":[{"name":"wp","href":"https:\/\/api.w.org\/{rel}","templated":true}]}}