{"id":70380,"date":"2025-09-13T23:17:09","date_gmt":"2025-09-13T23:17:09","guid":{"rendered":"https:\/\/www.europesays.com\/pt\/70380\/"},"modified":"2025-09-13T23:17:09","modified_gmt":"2025-09-13T23:17:09","slug":"video-mostra-como-esta-ex-atriz-da-globo-dias-apos-ser-encontrada-em-condicoes-precarias","status":"publish","type":"post","link":"https:\/\/www.europesays.com\/pt\/70380\/","title":{"rendered":"V\u00eddeo mostra como est\u00e1 ex-atriz da Globo dias ap\u00f3s ser encontrada em condi\u00e7\u00f5es prec\u00e1rias"},"content":{"rendered":"<p>                            <a href=\"https:\/\/img.nsctotal.com.br\/wp-content\/uploads\/2025\/09\/Ex-atriz-da-Globo-e-encontrada-sem-comida-em-situacao-precaria-no-RS-8.jpg\" data-caption=\"Rejane Schumann na novela O Feij\u00e3o e o Sonho (1976) (Foto: Mem\u00f3ria Globo, Reprodu\u00e7\u00e3o)\" aria-label=\"Rejane Schumann na novela O Feij\u00e3o e o Sonho (1976) (Foto: Mem\u00f3ria Globo, Reprodu\u00e7\u00e3o)\" rel=\"nofollow noopener\" target=\"_blank\"><img width=\"944\" height=\"531\" src=\"https:\/\/www.europesays.com\/pt\/wp-content\/uploads\/2025\/09\/Ex-atriz-da-Globo-e-encontrada-sem-comida-em-situacao-precaria-no-RS-8-944x531.jpg\" class=\"attachment-custom-large size-custom-large article-featured-image\" alt=\"Ex-atriz da Globo \u00e9 encontrada sem comida em situa\u00e7\u00e3o prec\u00e1ria no RS (8)\" fetchpriority=\"high\" decoding=\"async\"  \/><\/a><\/p>\n<p>Rejane Schumann na novela O Feij\u00e3o e o Sonho (1976) (Foto: Mem\u00f3ria Globo, Reprodu\u00e7\u00e3o)<\/p>\n<p>Um novo v\u00eddeo mostra como est\u00e1 <a href=\"https:\/\/www.nsctotal.com.br\/noticias\/ex-atriz-da-globo-e-encontrada-sem-comida-e-em-situacao-precaria-no-rs\" target=\"_blank\" rel=\"noreferrer noopener nofollow\"><strong>Rejane Schumann<\/strong><\/a>, ex-atriz da Globo, pouco mais de uma semana depois de ter sido encontrada em condi\u00e7\u00f5es prec\u00e1rias e insalubres na casa em que vive em Porto Alegre, no Rio Grande do Sul. Com 76 anos, ela ainda est\u00e1 com \u201cconfus\u00f5es mentais\u201d, de acordo com a ativista Deise Falci, respons\u00e1vel por ajudar na mudan\u00e7a de vida da ex-atriz.<\/p>\n<p>Continua depois da publicidade<\/p>\n<p>Deise foi at\u00e9 a casa de Rejane, no bairro Moinhos de Vento, e mostrou como est\u00e1 a rotina da mulher. Ela aparece sendo elogiada pela ativista pelas roupas limpas, de cor roxa, que tem o cuidado de n\u00e3o mostrar o rosto da ex-atriz durante o v\u00eddeo gravado e publicado nas redes sociais, com o intuito de n\u00e3o expor ela.<\/p>\n<p>Depois, a mulher aparece impressionada com Rejane, que mostrou que fala pelo menos cinco idiomas diferentes: portugu\u00eas, ingl\u00eas, espanhol, franc\u00eas e italiano.<\/p>\n<p>\u201cGente! Ela fala v\u00e1rias l\u00ednguas! Cada vez me surpreendendo mais!\u201d, escreveu Deise na legenda da postagem.<\/p>\n<p>A ativista tamb\u00e9m disse que Rejane vai fazer exames na pr\u00f3xima semana e que faz acompanhamento psicol\u00f3gico.<\/p>\n<p>Continua depois da publicidade<\/p>\n<p>Veja o v\u00eddeoAtivista encontrou casa insalubre<\/p>\n<p>A ativista foi at\u00e9 o local na \u00faltima semana por conta de uma den\u00fancia de maus-tratos contra animais, ap\u00f3s relatos de mau cheiro e constantes latidos que vinham do im\u00f3vel. Ao chegar no local, se deparou com a situa\u00e7\u00e3o delicada da artista.<\/p>\n<p>\u2014 Ela estava com muita fome, mas os animais tinham ra\u00e7\u00e3o. Ela n\u00e3o tinha nada. Geladeira completamente vazia. N\u00e3o tinha nem \u00e1gua. Quando a gente chegou l\u00e1, quem estava mais em maus-tratos era a pr\u00f3pria senhora. Foi a primeira vez que senti uma vontade muito maior de resgatar uma pessoa do que os animais \u2014 disse.<\/p>\n<p>Deise contou com a ajuda de outras volunt\u00e1rias para auxiliar a atriz, em um mutir\u00e3o de limpeza. Itens foram jogado no lixo, um novo colch\u00e3o foi doado para Rejane e a geladeira passou a funcionar com itens b\u00e1sicos de alimenta\u00e7\u00e3o, al\u00e9m de materiais de higiene pessoal e limpeza.<\/p>\n<p>Continua depois da publicidade<\/p>\n<p>\u2014 O forte odor de urina se sentia da rua do port\u00e3o do pr\u00e9dio. Quando entramos, havia bastante xixi e fezes dos c\u00e3es, e ela n\u00e3o tinha absolutamente nenhum produto de limpeza \u2014 disse Deise.<\/p>\n<p>Antes disso, os animais que viviam no apartamento foram levados a uma cl\u00ednica veterin\u00e1ria e transferidos para lares tempor\u00e1rios. Eles devem seguir nesses locais at\u00e9 que encontrem tutores definitivos. Segundo a ativista, a atriz buscava formas de doar os animais por ver que n\u00e3o tinha condi\u00e7\u00f5es adequadas de cuidar dos pets.<\/p>\n<p>Veja fotos de como estava o apartamento<\/p>\n<p>*Com informa\u00e7\u00f5es do Extra<\/p>\n<p>Leia tamb\u00e9m <\/p>\n<p><a href=\"https:\/\/www.nsctotal.com.br\/noticias\/dormia-na-mola-pura-do-colchao-policia-detalha-situacao-de-ex-atriz-encontrada-no-rs\" target=\"_blank\" rel=\"noreferrer noopener nofollow\"><strong>\u201cDormia na mola pura do colch\u00e3o\u201d: pol\u00edcia detalha situa\u00e7\u00e3o de ex-atriz encontrada no RS<\/strong><\/a><\/p>\n<p><a href=\"https:\/\/www.nsctotal.com.br\/noticias\/quem-e-a-ex-atriz-da-globo-rejane-schumann-que-foi-confundida-com-a-atriz-suzana-faini\" target=\"_blank\" rel=\"noreferrer noopener nofollow\"><strong>Quem \u00e9 a ex-atriz da Globo, Rejane Schumann, que foi confundida com a atriz Suzana Faini<\/strong><\/a><\/p>\n","protected":false},"excerpt":{"rendered":"Rejane Schumann na novela O Feij\u00e3o e o Sonho (1976) (Foto: Mem\u00f3ria Globo, Reprodu\u00e7\u00e3o) Um novo v\u00eddeo mostra&hellip;\n","protected":false},"author":2,"featured_media":70381,"comment_status":"","ping_status":"","sticky":false,"template":"","format":"standard","meta":{"footnotes":""},"categories":[145],"tags":[211,210,829,114,115,32,33],"class_list":{"0":"post-70380","1":"post","2":"type-post","3":"status-publish","4":"format-standard","5":"has-post-thumbnail","7":"category-celebridades","8":"tag-celebridades","9":"tag-celebrities","10":"tag-conteudo-liberado","11":"tag-entertainment","12":"tag-entretenimento","13":"tag-portugal","14":"tag-pt"},"share_on_mastodon":{"url":"","error":""},"_links":{"self":[{"href":"https:\/\/www.europesays.com\/pt\/wp-json\/wp\/v2\/posts\/70380","targetHints":{"allow":["GET"]}}],"collection":[{"href":"https:\/\/www.europesays.com\/pt\/wp-json\/wp\/v2\/posts"}],"about":[{"href":"https:\/\/www.europesays.com\/pt\/wp-json\/wp\/v2\/types\/post"}],"author":[{"embeddable":true,"href":"https:\/\/www.europesays.com\/pt\/wp-json\/wp\/v2\/users\/2"}],"replies":[{"embeddable":true,"href":"https:\/\/www.europesays.com\/pt\/wp-json\/wp\/v2\/comments?post=70380"}],"version-history":[{"count":0,"href":"https:\/\/www.europesays.com\/pt\/wp-json\/wp\/v2\/posts\/70380\/revisions"}],"wp:featuredmedia":[{"embeddable":true,"href":"https:\/\/www.europesays.com\/pt\/wp-json\/wp\/v2\/media\/70381"}],"wp:attachment":[{"href":"https:\/\/www.europesays.com\/pt\/wp-json\/wp\/v2\/media?parent=70380"}],"wp:term":[{"taxonomy":"category","embeddable":true,"href":"https:\/\/www.europesays.com\/pt\/wp-json\/wp\/v2\/categories?post=70380"},{"taxonomy":"post_tag","embeddable":true,"href":"https:\/\/www.europesays.com\/pt\/wp-json\/wp\/v2\/tags?post=70380"}],"curies":[{"name":"wp","href":"https:\/\/api.w.org\/{rel}","templated":true}]}}