{"id":70391,"date":"2025-09-13T23:37:07","date_gmt":"2025-09-13T23:37:07","guid":{"rendered":"https:\/\/www.europesays.com\/pt\/70391\/"},"modified":"2025-09-13T23:37:07","modified_gmt":"2025-09-13T23:37:07","slug":"feira-do-livro-despede-se-de-beja","status":"publish","type":"post","link":"https:\/\/www.europesays.com\/pt\/70391\/","title":{"rendered":"Feira do Livro \u201cdespede-se\u201d de Beja"},"content":{"rendered":"<p>Os livreiros, os artes\u00e3os, os<br \/>\nart\u00edfices da palavra e da escrita, os escritores e os leitores marcam presen\u00e7a na<br \/>\nzona pedonal do centro hist\u00f3rico da cidade, entre a rua Capit\u00e3o Jo\u00e3o Francisco<br \/>\nde Sousa e o Jardim do Bacalhau.<\/p>\n<p>Durante este percurso, os<br \/>\nvisitantes t\u00eam oportunidade de usufruir de um conjunto alargado de atividades<br \/>\npara todas as idades, em v\u00e1rios locais criados para o efeito, nomeadamente o<br \/>\nAudit\u00f3rio Escritores, o Audit\u00f3rio Pais e Filhos, o Audit\u00f3rio Espet\u00e1culos, o<br \/>\nEspa\u00e7o Leitores e o Espa\u00e7o Consult\u00f3rio Liter\u00e1rio.<\/p>\n<p>A Feira do Livro, promovida<br \/>\npela c\u00e2mara municipal de Beja, \u00e9 uma iniciativa de periodicidade bienal,<br \/>\nintercala com as Palavras Andarilhas.<\/p>\n","protected":false},"excerpt":{"rendered":"Os livreiros, os artes\u00e3os, os art\u00edfices da palavra e da escrita, os escritores e os leitores marcam presen\u00e7a&hellip;\n","protected":false},"author":2,"featured_media":70392,"comment_status":"","ping_status":"","sticky":false,"template":"","format":"standard","meta":{"footnotes":""},"categories":[143],"tags":[288,4261,4266,4262,836,611,260,4267,1564,169,3702,109,470,2535,315,135,476,114,115,4268,2085,524,2513,294,170,352,4272,4263,606,4269,3001,150,53,13,4282,4280,4281,4279,4278,4276,4277,4283,4284,4275,4274,4273,4264,835,4270,52,32,33,679,4265,58,110,2512,30,578,4271],"class_list":{"0":"post-70391","1":"post","2":"type-post","3":"status-publish","4":"format-standard","5":"has-post-thumbnail","7":"category-livros","8":"tag-alentejo","9":"tag-aljustrel","10":"tag-almodovar","11":"tag-alvito","12":"tag-analise","13":"tag-ao-minuto","14":"tag-atualidade","15":"tag-barrancos","16":"tag-beja","17":"tag-books","18":"tag-castro-verde","19":"tag-ciencia","20":"tag-cinema","21":"tag-cuba","22":"tag-cultura","23":"tag-desporto","24":"tag-economia","25":"tag-entertainment","26":"tag-entretenimento","27":"tag-ferreira-do-alentejo","28":"tag-fotografia","29":"tag-futebol","30":"tag-jornal","31":"tag-lazer","32":"tag-livros","33":"tag-local","34":"tag-magazine","35":"tag-mertola","36":"tag-meteorologia","37":"tag-moura","38":"tag-multimedia","39":"tag-musica","40":"tag-newsletters","41":"tag-noticias","42":"tag-noticias-de-ciencia","43":"tag-noticias-de-cultura","44":"tag-noticias-de-desporto","45":"tag-noticias-de-economia","46":"tag-noticias-de-local","47":"tag-noticias-de-politica","48":"tag-noticias-de-sociedade","49":"tag-noticias-de-tecnologia","50":"tag-noticias-em-portugues","51":"tag-noticias-mais-lidas","52":"tag-noticias-mais-partilhadas","53":"tag-noticias-populares","54":"tag-odemira","55":"tag-opiniao","56":"tag-ourique","57":"tag-politica","58":"tag-portugal","59":"tag-pt","60":"tag-reportagem","61":"tag-serpa","62":"tag-sociedade","63":"tag-tecnologia","64":"tag-ultima-hora","65":"tag-ultimas-noticias","66":"tag-video","67":"tag-vidigueira"},"share_on_mastodon":{"url":"","error":""},"_links":{"self":[{"href":"https:\/\/www.europesays.com\/pt\/wp-json\/wp\/v2\/posts\/70391","targetHints":{"allow":["GET"]}}],"collection":[{"href":"https:\/\/www.europesays.com\/pt\/wp-json\/wp\/v2\/posts"}],"about":[{"href":"https:\/\/www.europesays.com\/pt\/wp-json\/wp\/v2\/types\/post"}],"author":[{"embeddable":true,"href":"https:\/\/www.europesays.com\/pt\/wp-json\/wp\/v2\/users\/2"}],"replies":[{"embeddable":true,"href":"https:\/\/www.europesays.com\/pt\/wp-json\/wp\/v2\/comments?post=70391"}],"version-history":[{"count":0,"href":"https:\/\/www.europesays.com\/pt\/wp-json\/wp\/v2\/posts\/70391\/revisions"}],"wp:featuredmedia":[{"embeddable":true,"href":"https:\/\/www.europesays.com\/pt\/wp-json\/wp\/v2\/media\/70392"}],"wp:attachment":[{"href":"https:\/\/www.europesays.com\/pt\/wp-json\/wp\/v2\/media?parent=70391"}],"wp:term":[{"taxonomy":"category","embeddable":true,"href":"https:\/\/www.europesays.com\/pt\/wp-json\/wp\/v2\/categories?post=70391"},{"taxonomy":"post_tag","embeddable":true,"href":"https:\/\/www.europesays.com\/pt\/wp-json\/wp\/v2\/tags?post=70391"}],"curies":[{"name":"wp","href":"https:\/\/api.w.org\/{rel}","templated":true}]}}